{"id":2288,"date":"2020-10-20T16:34:00","date_gmt":"2020-10-20T19:34:00","guid":{"rendered":"https:\/\/araujopolicastro.com.br\/?p=2288"},"modified":"2024-08-27T16:35:48","modified_gmt":"2024-08-27T19:35:48","slug":"latin-lawyer-national-2020","status":"publish","type":"post","link":"https:\/\/araujopolicastro.com.br\/en\/latin-lawyer-national-2020\/","title":{"rendered":"Latin Lawyer National &#8211; 2020"},"content":{"rendered":"\n<p><strong>Ara\u00fajo e Policastro Advogados<\/strong>&nbsp;is present in the second&nbsp;<strong>Latin Lawyer National<\/strong>&nbsp;edition produced by the renowned publication<strong>&nbsp;Latin Lawyer<\/strong>.<\/p>\n\n\n\n<p>Latin Lawyer National is a new, comprehensive guide to Latin America\u2019s largest legal markets. Complementary to the Latin Lawyer 250, it profiles a broad range of law firms that offer advice on cross-border deals as well as those focused on domestic transactions with wider geographic coverage and deep local knowledge.<\/p>\n\n\n\n<p>Check out the areas and professionals recommended in this edition:<\/p>\n\n\n\n<p>Corporate \/ Fusions and Acquisitions<\/p>\n\n\n\n<ul class=\"wp-block-list\">\n<li><a href=\"https:\/\/www.araujo.relissan.com.br\/en\/team\/jose-theodoro-alves-de-araujo\/\" target=\"_blank\" rel=\"noreferrer noopener\">Theodoro Ara\u00fajo<\/a><\/li>\n\n\n\n<li><a href=\"https:\/\/www.araujo.relissan.com.br\/en\/team\/jose-paulo-bueno\/\" target=\"_blank\" rel=\"noreferrer noopener\">Jos\u00e9 Paulo Bueno<\/a><\/li>\n\n\n\n<li><a href=\"https:\/\/www.araujo.relissan.com.br\/en\/team\/camila-araujo\/\" target=\"_blank\" rel=\"noreferrer noopener\">Camila Ara\u00fajo<\/a><\/li>\n\n\n\n<li><a href=\"https:\/\/www.araujo.relissan.com.br\/en\/team\/tania-mara-ferreira\/\" target=\"_blank\" rel=\"noreferrer noopener\">Tania Mara Ferreira<\/a><\/li>\n\n\n\n<li><a href=\"https:\/\/www.araujo.relissan.com.br\/en\/team\/eduardo-correa-fazoli\/\" target=\"_blank\" rel=\"noreferrer noopener\">Eduardo Correa Fazoli<\/a><\/li>\n<\/ul>\n\n\n\n<p>Tax<\/p>\n\n\n\n<ul class=\"wp-block-list\">\n<li><a href=\"https:\/\/www.araujo.relissan.com.br\/en\/team\/sylvio-fernando-paes-de-barros-jr\/\" target=\"_blank\" rel=\"noreferrer noopener\">Sylvio Fernando Paes de Barros Jr.<\/a><\/li>\n<\/ul>\n\n\n\n<p>Labor<\/p>\n\n\n\n<ul class=\"wp-block-list\">\n<li><a href=\"https:\/\/www.araujo.relissan.com.br\/en\/team\/ana-lucia-pinke-ribeiro-de-paiva\/\" target=\"_blank\" rel=\"noreferrer noopener\">Ana L\u00facia Pinke Ribeiro de paiva<\/a><\/li>\n<\/ul>\n\n\n\n<p>Litigation and Arbitration<\/p>\n\n\n\n<ul class=\"wp-block-list\">\n<li><a href=\"https:\/\/www.araujo.relissan.com.br\/en\/team\/sylvio-fernando-paes-de-barros-jr\/\" target=\"_blank\" rel=\"noreferrer noopener\">Sylvio Fernando Paes de Barros Jr.<\/a><\/li>\n\n\n\n<li><a href=\"https:\/\/www.araujo.relissan.com.br\/en\/team\/jose-theodoro-alves-de-araujo\/\" target=\"_blank\" rel=\"noreferrer noopener\">Theodoro Ara\u00fajo<\/a><\/li>\n\n\n\n<li><a href=\"https:\/\/www.araujo.relissan.com.br\/en\/team\/decio-policastro\/\">D\u00e9cio Policastro<\/a><\/li>\n<\/ul>\n","protected":false},"excerpt":{"rendered":"<p>Ara\u00fajo e Policastro Advogados was recommended, again, by the 2020 edition of Latin Lawyer 250, as one of the main law firms in Latin America.<\/p>\n","protected":false},"author":1,"featured_media":2289,"comment_status":"open","ping_status":"open","sticky":false,"template":"","format":"standard","meta":{"_acf_changed":false,"footnotes":""},"categories":[608,606,607],"tags":[],"class_list":["post-2288","post","type-post","status-publish","format-standard","has-post-thumbnail","hentry","category-general","category-news","category-recognitions"],"acf":[],"yoast_head":"<!-- This site is optimized with the Yoast SEO plugin v27.5 - https:\/\/yoast.com\/product\/yoast-seo-wordpress\/ -->\n<title>Latin Lawyer National - 2020 - Ara\u00fajo e Policastro Advogados<\/title>\n<meta name=\"robots\" content=\"index, follow, max-snippet:-1, max-image-preview:large, max-video-preview:-1\" \/>\n<link rel=\"canonical\" href=\"https:\/\/araujopolicastro.com.br\/en\/latin-lawyer-national-2020\/\" \/>\n<meta property=\"og:locale\" content=\"en_US\" \/>\n<meta property=\"og:type\" content=\"article\" \/>\n<meta property=\"og:title\" content=\"Latin Lawyer National - 2020 - Ara\u00fajo e Policastro Advogados\" \/>\n<meta property=\"og:description\" content=\"Ara\u00fajo e Policastro Advogados was recommended, again, by the 2020 edition of Latin Lawyer 250, as one of the main law firms in Latin America.\" \/>\n<meta property=\"og:url\" content=\"https:\/\/araujopolicastro.com.br\/en\/latin-lawyer-national-2020\/\" \/>\n<meta property=\"og:site_name\" content=\"Ara\u00fajo e Policastro Advogados\" \/>\n<meta property=\"article:publisher\" content=\"https:\/\/www.facebook.com\/araujopolicastro\" \/>\n<meta property=\"article:published_time\" content=\"2020-10-20T19:34:00+00:00\" \/>\n<meta property=\"article:modified_time\" content=\"2024-08-27T19:35:48+00:00\" \/>\n<meta property=\"og:image\" content=\"https:\/\/araujopolicastro.com.br\/wp-content\/uploads\/2024\/08\/SITE-Latin-Lawyer-National-1.jpg\" \/>\n\t<meta property=\"og:image:width\" content=\"800\" \/>\n\t<meta property=\"og:image:height\" content=\"474\" \/>\n\t<meta property=\"og:image:type\" content=\"image\/jpeg\" \/>\n<meta name=\"author\" content=\"admin\" \/>\n<meta name=\"twitter:card\" content=\"summary_large_image\" \/>\n<meta name=\"twitter:label1\" content=\"Written by\" \/>\n\t<meta name=\"twitter:data1\" content=\"admin\" \/>\n\t<meta name=\"twitter:label2\" content=\"Est. reading time\" \/>\n\t<meta name=\"twitter:data2\" content=\"1 minute\" \/>\n<script type=\"application\/ld+json\" class=\"yoast-schema-graph\">{\"@context\":\"https:\\\/\\\/schema.org\",\"@graph\":[{\"@type\":\"Article\",\"@id\":\"https:\\\/\\\/araujopolicastro.com.br\\\/en\\\/latin-lawyer-national-2020\\\/#article\",\"isPartOf\":{\"@id\":\"https:\\\/\\\/araujopolicastro.com.br\\\/en\\\/latin-lawyer-national-2020\\\/\"},\"author\":{\"name\":\"admin\",\"@id\":\"https:\\\/\\\/araujopolicastro.com.br\\\/#\\\/schema\\\/person\\\/c498e417129ab3440e1c1dd49288e9e6\"},\"headline\":\"Latin Lawyer National &#8211; 2020\",\"datePublished\":\"2020-10-20T19:34:00+00:00\",\"dateModified\":\"2024-08-27T19:35:48+00:00\",\"mainEntityOfPage\":{\"@id\":\"https:\\\/\\\/araujopolicastro.com.br\\\/en\\\/latin-lawyer-national-2020\\\/\"},\"wordCount\":138,\"commentCount\":0,\"publisher\":{\"@id\":\"https:\\\/\\\/araujopolicastro.com.br\\\/#organization\"},\"image\":{\"@id\":\"https:\\\/\\\/araujopolicastro.com.br\\\/en\\\/latin-lawyer-national-2020\\\/#primaryimage\"},\"thumbnailUrl\":\"https:\\\/\\\/araujopolicastro.com.br\\\/wp-content\\\/uploads\\\/2024\\\/08\\\/SITE-Latin-Lawyer-National-1.jpg\",\"articleSection\":[\"General\",\"News\",\"Recognitions\"],\"inLanguage\":\"en-US\",\"potentialAction\":[{\"@type\":\"CommentAction\",\"name\":\"Comment\",\"target\":[\"https:\\\/\\\/araujopolicastro.com.br\\\/en\\\/latin-lawyer-national-2020\\\/#respond\"]}]},{\"@type\":\"WebPage\",\"@id\":\"https:\\\/\\\/araujopolicastro.com.br\\\/en\\\/latin-lawyer-national-2020\\\/\",\"url\":\"https:\\\/\\\/araujopolicastro.com.br\\\/en\\\/latin-lawyer-national-2020\\\/\",\"name\":\"Latin Lawyer National - 2020 - Ara\u00fajo e Policastro Advogados\",\"isPartOf\":{\"@id\":\"https:\\\/\\\/araujopolicastro.com.br\\\/#website\"},\"primaryImageOfPage\":{\"@id\":\"https:\\\/\\\/araujopolicastro.com.br\\\/en\\\/latin-lawyer-national-2020\\\/#primaryimage\"},\"image\":{\"@id\":\"https:\\\/\\\/araujopolicastro.com.br\\\/en\\\/latin-lawyer-national-2020\\\/#primaryimage\"},\"thumbnailUrl\":\"https:\\\/\\\/araujopolicastro.com.br\\\/wp-content\\\/uploads\\\/2024\\\/08\\\/SITE-Latin-Lawyer-National-1.jpg\",\"datePublished\":\"2020-10-20T19:34:00+00:00\",\"dateModified\":\"2024-08-27T19:35:48+00:00\",\"breadcrumb\":{\"@id\":\"https:\\\/\\\/araujopolicastro.com.br\\\/en\\\/latin-lawyer-national-2020\\\/#breadcrumb\"},\"inLanguage\":\"en-US\",\"potentialAction\":[{\"@type\":\"ReadAction\",\"target\":[\"https:\\\/\\\/araujopolicastro.com.br\\\/en\\\/latin-lawyer-national-2020\\\/\"]}]},{\"@type\":\"ImageObject\",\"inLanguage\":\"en-US\",\"@id\":\"https:\\\/\\\/araujopolicastro.com.br\\\/en\\\/latin-lawyer-national-2020\\\/#primaryimage\",\"url\":\"https:\\\/\\\/araujopolicastro.com.br\\\/wp-content\\\/uploads\\\/2024\\\/08\\\/SITE-Latin-Lawyer-National-1.jpg\",\"contentUrl\":\"https:\\\/\\\/araujopolicastro.com.br\\\/wp-content\\\/uploads\\\/2024\\\/08\\\/SITE-Latin-Lawyer-National-1.jpg\",\"width\":800,\"height\":474},{\"@type\":\"BreadcrumbList\",\"@id\":\"https:\\\/\\\/araujopolicastro.com.br\\\/en\\\/latin-lawyer-national-2020\\\/#breadcrumb\",\"itemListElement\":[{\"@type\":\"ListItem\",\"position\":1,\"name\":\"In\u00edcio\",\"item\":\"https:\\\/\\\/araujopolicastro.com.br\\\/\"},{\"@type\":\"ListItem\",\"position\":2,\"name\":\"Latin Lawyer National &#8211; 2020\"}]},{\"@type\":\"WebSite\",\"@id\":\"https:\\\/\\\/araujopolicastro.com.br\\\/#website\",\"url\":\"https:\\\/\\\/araujopolicastro.com.br\\\/\",\"name\":\"Ara\u00fajo e Policastro Advogados\",\"description\":\"\u00c9 um dos mais conceituados escrit\u00f3rios de advocacia do Brasil, especializado em direito empresarial e internacional, com ampla experi\u00eancia e excel\u00eancia.\",\"publisher\":{\"@id\":\"https:\\\/\\\/araujopolicastro.com.br\\\/#organization\"},\"potentialAction\":[{\"@type\":\"SearchAction\",\"target\":{\"@type\":\"EntryPoint\",\"urlTemplate\":\"https:\\\/\\\/araujopolicastro.com.br\\\/?s={search_term_string}\"},\"query-input\":{\"@type\":\"PropertyValueSpecification\",\"valueRequired\":true,\"valueName\":\"search_term_string\"}}],\"inLanguage\":\"en-US\"},{\"@type\":\"Organization\",\"@id\":\"https:\\\/\\\/araujopolicastro.com.br\\\/#organization\",\"name\":\"Ara\u00fajo e Policastro Advogados\",\"url\":\"https:\\\/\\\/araujopolicastro.com.br\\\/\",\"logo\":{\"@type\":\"ImageObject\",\"inLanguage\":\"en-US\",\"@id\":\"https:\\\/\\\/araujopolicastro.com.br\\\/#\\\/schema\\\/logo\\\/image\\\/\",\"url\":\"https:\\\/\\\/araujopolicastro.com.br\\\/wp-content\\\/uploads\\\/2024\\\/07\\\/araujo-policastro-1.png\",\"contentUrl\":\"https:\\\/\\\/araujopolicastro.com.br\\\/wp-content\\\/uploads\\\/2024\\\/07\\\/araujo-policastro-1.png\",\"width\":435,\"height\":53,\"caption\":\"Ara\u00fajo e Policastro Advogados\"},\"image\":{\"@id\":\"https:\\\/\\\/araujopolicastro.com.br\\\/#\\\/schema\\\/logo\\\/image\\\/\"},\"sameAs\":[\"https:\\\/\\\/www.facebook.com\\\/araujopolicastro\",\"https:\\\/\\\/www.instagram.com\\\/araujoepolicastroadv\\\/\"]},{\"@type\":\"Person\",\"@id\":\"https:\\\/\\\/araujopolicastro.com.br\\\/#\\\/schema\\\/person\\\/c498e417129ab3440e1c1dd49288e9e6\",\"name\":\"admin\",\"image\":{\"@type\":\"ImageObject\",\"inLanguage\":\"en-US\",\"@id\":\"https:\\\/\\\/secure.gravatar.com\\\/avatar\\\/071fb9f8c04a9669cd31fa7637e7c54942844c1709575d86858962081bd1552b?s=96&d=mm&r=g\",\"url\":\"https:\\\/\\\/secure.gravatar.com\\\/avatar\\\/071fb9f8c04a9669cd31fa7637e7c54942844c1709575d86858962081bd1552b?s=96&d=mm&r=g\",\"contentUrl\":\"https:\\\/\\\/secure.gravatar.com\\\/avatar\\\/071fb9f8c04a9669cd31fa7637e7c54942844c1709575d86858962081bd1552b?s=96&d=mm&r=g\",\"caption\":\"admin\"},\"sameAs\":[\"https:\\\/\\\/araujopolicastro.com.br\"],\"url\":\"https:\\\/\\\/araujopolicastro.com.br\\\/en\\\/author\\\/admin\\\/\"}]}<\/script>\n<!-- \/ Yoast SEO plugin. -->","yoast_head_json":{"title":"Latin Lawyer National - 2020 - Ara\u00fajo e Policastro Advogados","robots":{"index":"index","follow":"follow","max-snippet":"max-snippet:-1","max-image-preview":"max-image-preview:large","max-video-preview":"max-video-preview:-1"},"canonical":"https:\/\/araujopolicastro.com.br\/en\/latin-lawyer-national-2020\/","og_locale":"en_US","og_type":"article","og_title":"Latin Lawyer National - 2020 - Ara\u00fajo e Policastro Advogados","og_description":"Ara\u00fajo e Policastro Advogados was recommended, again, by the 2020 edition of Latin Lawyer 250, as one of the main law firms in Latin America.","og_url":"https:\/\/araujopolicastro.com.br\/en\/latin-lawyer-national-2020\/","og_site_name":"Ara\u00fajo e Policastro Advogados","article_publisher":"https:\/\/www.facebook.com\/araujopolicastro","article_published_time":"2020-10-20T19:34:00+00:00","article_modified_time":"2024-08-27T19:35:48+00:00","og_image":[{"width":800,"height":474,"url":"https:\/\/araujopolicastro.com.br\/wp-content\/uploads\/2024\/08\/SITE-Latin-Lawyer-National-1.jpg","type":"image\/jpeg"}],"author":"admin","twitter_card":"summary_large_image","twitter_misc":{"Written by":"admin","Est. reading time":"1 minute"},"schema":{"@context":"https:\/\/schema.org","@graph":[{"@type":"Article","@id":"https:\/\/araujopolicastro.com.br\/en\/latin-lawyer-national-2020\/#article","isPartOf":{"@id":"https:\/\/araujopolicastro.com.br\/en\/latin-lawyer-national-2020\/"},"author":{"name":"admin","@id":"https:\/\/araujopolicastro.com.br\/#\/schema\/person\/c498e417129ab3440e1c1dd49288e9e6"},"headline":"Latin Lawyer National &#8211; 2020","datePublished":"2020-10-20T19:34:00+00:00","dateModified":"2024-08-27T19:35:48+00:00","mainEntityOfPage":{"@id":"https:\/\/araujopolicastro.com.br\/en\/latin-lawyer-national-2020\/"},"wordCount":138,"commentCount":0,"publisher":{"@id":"https:\/\/araujopolicastro.com.br\/#organization"},"image":{"@id":"https:\/\/araujopolicastro.com.br\/en\/latin-lawyer-national-2020\/#primaryimage"},"thumbnailUrl":"https:\/\/araujopolicastro.com.br\/wp-content\/uploads\/2024\/08\/SITE-Latin-Lawyer-National-1.jpg","articleSection":["General","News","Recognitions"],"inLanguage":"en-US","potentialAction":[{"@type":"CommentAction","name":"Comment","target":["https:\/\/araujopolicastro.com.br\/en\/latin-lawyer-national-2020\/#respond"]}]},{"@type":"WebPage","@id":"https:\/\/araujopolicastro.com.br\/en\/latin-lawyer-national-2020\/","url":"https:\/\/araujopolicastro.com.br\/en\/latin-lawyer-national-2020\/","name":"Latin Lawyer National - 2020 - Ara\u00fajo e Policastro Advogados","isPartOf":{"@id":"https:\/\/araujopolicastro.com.br\/#website"},"primaryImageOfPage":{"@id":"https:\/\/araujopolicastro.com.br\/en\/latin-lawyer-national-2020\/#primaryimage"},"image":{"@id":"https:\/\/araujopolicastro.com.br\/en\/latin-lawyer-national-2020\/#primaryimage"},"thumbnailUrl":"https:\/\/araujopolicastro.com.br\/wp-content\/uploads\/2024\/08\/SITE-Latin-Lawyer-National-1.jpg","datePublished":"2020-10-20T19:34:00+00:00","dateModified":"2024-08-27T19:35:48+00:00","breadcrumb":{"@id":"https:\/\/araujopolicastro.com.br\/en\/latin-lawyer-national-2020\/#breadcrumb"},"inLanguage":"en-US","potentialAction":[{"@type":"ReadAction","target":["https:\/\/araujopolicastro.com.br\/en\/latin-lawyer-national-2020\/"]}]},{"@type":"ImageObject","inLanguage":"en-US","@id":"https:\/\/araujopolicastro.com.br\/en\/latin-lawyer-national-2020\/#primaryimage","url":"https:\/\/araujopolicastro.com.br\/wp-content\/uploads\/2024\/08\/SITE-Latin-Lawyer-National-1.jpg","contentUrl":"https:\/\/araujopolicastro.com.br\/wp-content\/uploads\/2024\/08\/SITE-Latin-Lawyer-National-1.jpg","width":800,"height":474},{"@type":"BreadcrumbList","@id":"https:\/\/araujopolicastro.com.br\/en\/latin-lawyer-national-2020\/#breadcrumb","itemListElement":[{"@type":"ListItem","position":1,"name":"In\u00edcio","item":"https:\/\/araujopolicastro.com.br\/"},{"@type":"ListItem","position":2,"name":"Latin Lawyer National &#8211; 2020"}]},{"@type":"WebSite","@id":"https:\/\/araujopolicastro.com.br\/#website","url":"https:\/\/araujopolicastro.com.br\/","name":"Ara\u00fajo e Policastro Advogados","description":"\u00c9 um dos mais conceituados escrit\u00f3rios de advocacia do Brasil, especializado em direito empresarial e internacional, com ampla experi\u00eancia e excel\u00eancia.","publisher":{"@id":"https:\/\/araujopolicastro.com.br\/#organization"},"potentialAction":[{"@type":"SearchAction","target":{"@type":"EntryPoint","urlTemplate":"https:\/\/araujopolicastro.com.br\/?s={search_term_string}"},"query-input":{"@type":"PropertyValueSpecification","valueRequired":true,"valueName":"search_term_string"}}],"inLanguage":"en-US"},{"@type":"Organization","@id":"https:\/\/araujopolicastro.com.br\/#organization","name":"Ara\u00fajo e Policastro Advogados","url":"https:\/\/araujopolicastro.com.br\/","logo":{"@type":"ImageObject","inLanguage":"en-US","@id":"https:\/\/araujopolicastro.com.br\/#\/schema\/logo\/image\/","url":"https:\/\/araujopolicastro.com.br\/wp-content\/uploads\/2024\/07\/araujo-policastro-1.png","contentUrl":"https:\/\/araujopolicastro.com.br\/wp-content\/uploads\/2024\/07\/araujo-policastro-1.png","width":435,"height":53,"caption":"Ara\u00fajo e Policastro Advogados"},"image":{"@id":"https:\/\/araujopolicastro.com.br\/#\/schema\/logo\/image\/"},"sameAs":["https:\/\/www.facebook.com\/araujopolicastro","https:\/\/www.instagram.com\/araujoepolicastroadv\/"]},{"@type":"Person","@id":"https:\/\/araujopolicastro.com.br\/#\/schema\/person\/c498e417129ab3440e1c1dd49288e9e6","name":"admin","image":{"@type":"ImageObject","inLanguage":"en-US","@id":"https:\/\/secure.gravatar.com\/avatar\/071fb9f8c04a9669cd31fa7637e7c54942844c1709575d86858962081bd1552b?s=96&d=mm&r=g","url":"https:\/\/secure.gravatar.com\/avatar\/071fb9f8c04a9669cd31fa7637e7c54942844c1709575d86858962081bd1552b?s=96&d=mm&r=g","contentUrl":"https:\/\/secure.gravatar.com\/avatar\/071fb9f8c04a9669cd31fa7637e7c54942844c1709575d86858962081bd1552b?s=96&d=mm&r=g","caption":"admin"},"sameAs":["https:\/\/araujopolicastro.com.br"],"url":"https:\/\/araujopolicastro.com.br\/en\/author\/admin\/"}]}},"_links":{"self":[{"href":"https:\/\/araujopolicastro.com.br\/en\/wp-json\/wp\/v2\/posts\/2288","targetHints":{"allow":["GET"]}}],"collection":[{"href":"https:\/\/araujopolicastro.com.br\/en\/wp-json\/wp\/v2\/posts"}],"about":[{"href":"https:\/\/araujopolicastro.com.br\/en\/wp-json\/wp\/v2\/types\/post"}],"author":[{"embeddable":true,"href":"https:\/\/araujopolicastro.com.br\/en\/wp-json\/wp\/v2\/users\/1"}],"replies":[{"embeddable":true,"href":"https:\/\/araujopolicastro.com.br\/en\/wp-json\/wp\/v2\/comments?post=2288"}],"version-history":[{"count":1,"href":"https:\/\/araujopolicastro.com.br\/en\/wp-json\/wp\/v2\/posts\/2288\/revisions"}],"predecessor-version":[{"id":2291,"href":"https:\/\/araujopolicastro.com.br\/en\/wp-json\/wp\/v2\/posts\/2288\/revisions\/2291"}],"wp:featuredmedia":[{"embeddable":true,"href":"https:\/\/araujopolicastro.com.br\/en\/wp-json\/wp\/v2\/media\/2289"}],"wp:attachment":[{"href":"https:\/\/araujopolicastro.com.br\/en\/wp-json\/wp\/v2\/media?parent=2288"}],"wp:term":[{"taxonomy":"category","embeddable":true,"href":"https:\/\/araujopolicastro.com.br\/en\/wp-json\/wp\/v2\/categories?post=2288"},{"taxonomy":"post_tag","embeddable":true,"href":"https:\/\/araujopolicastro.com.br\/en\/wp-json\/wp\/v2\/tags?post=2288"}],"curies":[{"name":"wp","href":"https:\/\/api.w.org\/{rel}","templated":true}]}}