{"id":2519,"date":"2020-04-25T09:16:00","date_gmt":"2020-04-25T12:16:00","guid":{"rendered":"https:\/\/araujopolicastro.com.br\/?p=2519"},"modified":"2024-08-28T09:17:36","modified_gmt":"2024-08-28T12:17:36","slug":"home-office-as-one-of-the-alternatives-through-the-need-of-social-isolation","status":"publish","type":"post","link":"https:\/\/araujopolicastro.com.br\/en\/home-office-as-one-of-the-alternatives-through-the-need-of-social-isolation\/","title":{"rendered":"Home office as one of the alternatives through the need of social isolation"},"content":{"rendered":"\n<p>As it has been widely publicized, health authorities, not only in Brazil, but worldwide, have been alerting to the need of strong social isolation, as a way to slow down the contamination of the population by the coronavirus.<\/p>\n\n\n\n<p>As a result, the Brazilian Government issued, on March 22, Provisional Measure 927\/2020 (PM 927\/2020), which brings a list of labor measures that can be adopted to surpass the state of public calamity decreed.<\/p>\n\n\n\n<p>Among such measures is the home office system.<\/p>\n\n\n\n<p>It is important to note that teleworking was formally recognized, by the Labor Reform, as a valid mean of providing services, by Chapter II-A, of the Labor Code (Articles 75-A to 75-E).<\/p>\n\n\n\n<p>Such Articles bring rules that must be observed for the provision of services under teleworking and define it as&nbsp;<em>\u201ca provision of services preferably out of the employer\u2019s premises, by the use of information and communication technologies that, by their nature, do not constitute external work\u201d&nbsp;<\/em>(Article 75-B).<\/p>\n\n\n\n<p>As a rule, this work regime is not occasional and, for this reason, it was included as one of the hypotheses of exemption from working hours control (article 62, III, of the Labor Code).<\/p>\n\n\n\n<p>However, remote work &#8211; or home office &#8211; in times of coronavirus has the peculiarity of being&nbsp;eventual. That is, the employee who does not work under such scheme of service provision starts to work outside the company\u2019s premises, just for the need of social isolation.<\/p>\n\n\n\n<p>In this sense, PM 927\/2020 brought some flexibility by altering, during the state of public calamity, the form of service provision by the employee:<\/p>\n\n\n\n<ul class=\"wp-block-list\">\n<li>For this moment, it does not depend on the existence of individual or collective agreements, being dismissed the previous registration of the change in the individual labor contract, being also allowed for interns and apprentices;<\/li>\n\n\n\n<li>The employee must be notified at least 48 hours in advance, in writing or by electronic means;<\/li>\n\n\n\n<li>The provisions relating to the responsibility for the infrastructure necessary to carry out the work remotely must be provided for in a written contract, previously signed or within 30 days, counting from the date of the change of the work regime;<\/li>\n\n\n\n<li>If the employee does not have the necessary means to perform the work remotely (i) the employer may supply the equipment on a lending basis or (ii) if it is not possible to offer the lending regime, the normal working shift will be computed as time at the employer&#8217;s disposal;<\/li>\n\n\n\n<li>The time spent using applications and communication programs outside the employee&#8217;s normal working hours does not constitute time at the employer\u2019s disposal, a readiness or a warning system, unless there is a provision in an individual or collective agreement.<\/li>\n<\/ul>\n\n\n\n<p>Anyhow, it is still a companies\u2019 obligation to guide their employees to strictly observe the rules of safety and hygiene at work, by constantly releasing informative\/communicates in this regard.<\/p>\n\n\n\n<p>Finally, it is also important to note that the fulfillment of some of the provisions contained in the Labor Code on remote work, in the specific situation of public calamity, are exempt, as is the case, for example, related to the employer&#8217;s obligation to inspect the remote workstation, due to the emergency nature of the measures adopted by PM 927\/2020.<\/p>\n\n\n\n<p><strong><u>Our Labor Team remains at your disposal to clarify any doubts.<\/u><\/strong><\/p>\n","protected":false},"excerpt":{"rendered":"<p>Learn how to use the home office system as an ally to social isolation. <\/p>\n","protected":false},"author":1,"featured_media":2054,"comment_status":"open","ping_status":"open","sticky":false,"template":"","format":"standard","meta":{"_acf_changed":false,"footnotes":""},"categories":[640,606,614,615],"tags":[],"class_list":["post-2519","post","type-post","status-publish","format-standard","has-post-thumbnail","hentry","category-coronavirus","category-news","category-newsletter","category-publications"],"acf":[],"yoast_head":"<!-- This site is optimized with the Yoast SEO plugin v27.5 - https:\/\/yoast.com\/product\/yoast-seo-wordpress\/ -->\n<title>Home office as one of the alternatives through the need of social isolation - Ara\u00fajo e Policastro Advogados<\/title>\n<meta name=\"robots\" content=\"index, follow, max-snippet:-1, max-image-preview:large, max-video-preview:-1\" \/>\n<link rel=\"canonical\" href=\"https:\/\/araujopolicastro.com.br\/en\/home-office-as-one-of-the-alternatives-through-the-need-of-social-isolation\/\" \/>\n<meta property=\"og:locale\" content=\"en_US\" \/>\n<meta property=\"og:type\" content=\"article\" \/>\n<meta property=\"og:title\" content=\"Home office as one of the alternatives through the need of social isolation - Ara\u00fajo e Policastro Advogados\" \/>\n<meta property=\"og:description\" content=\"Learn how to use the home office system as an ally to social isolation.\" \/>\n<meta property=\"og:url\" content=\"https:\/\/araujopolicastro.com.br\/en\/home-office-as-one-of-the-alternatives-through-the-need-of-social-isolation\/\" \/>\n<meta property=\"og:site_name\" content=\"Ara\u00fajo e Policastro Advogados\" \/>\n<meta property=\"article:publisher\" content=\"https:\/\/www.facebook.com\/araujopolicastro\" \/>\n<meta property=\"article:published_time\" content=\"2020-04-25T12:16:00+00:00\" \/>\n<meta property=\"article:modified_time\" content=\"2024-08-28T12:17:36+00:00\" \/>\n<meta property=\"og:image\" content=\"https:\/\/araujopolicastro.com.br\/wp-content\/uploads\/2024\/08\/Logo_AP-2.jpg\" \/>\n\t<meta property=\"og:image:width\" content=\"800\" \/>\n\t<meta property=\"og:image:height\" content=\"559\" \/>\n\t<meta property=\"og:image:type\" content=\"image\/jpeg\" \/>\n<meta name=\"author\" content=\"admin\" \/>\n<meta name=\"twitter:card\" content=\"summary_large_image\" \/>\n<meta name=\"twitter:label1\" content=\"Written by\" \/>\n\t<meta name=\"twitter:data1\" content=\"admin\" \/>\n\t<meta name=\"twitter:label2\" content=\"Est. reading time\" \/>\n\t<meta name=\"twitter:data2\" content=\"4 minutes\" \/>\n<script type=\"application\/ld+json\" class=\"yoast-schema-graph\">{\"@context\":\"https:\\\/\\\/schema.org\",\"@graph\":[{\"@type\":\"Article\",\"@id\":\"https:\\\/\\\/araujopolicastro.com.br\\\/en\\\/home-office-as-one-of-the-alternatives-through-the-need-of-social-isolation\\\/#article\",\"isPartOf\":{\"@id\":\"https:\\\/\\\/araujopolicastro.com.br\\\/en\\\/home-office-as-one-of-the-alternatives-through-the-need-of-social-isolation\\\/\"},\"author\":{\"name\":\"admin\",\"@id\":\"https:\\\/\\\/araujopolicastro.com.br\\\/#\\\/schema\\\/person\\\/c498e417129ab3440e1c1dd49288e9e6\"},\"headline\":\"Home office as one of the alternatives through the need of social isolation\",\"datePublished\":\"2020-04-25T12:16:00+00:00\",\"dateModified\":\"2024-08-28T12:17:36+00:00\",\"mainEntityOfPage\":{\"@id\":\"https:\\\/\\\/araujopolicastro.com.br\\\/en\\\/home-office-as-one-of-the-alternatives-through-the-need-of-social-isolation\\\/\"},\"wordCount\":558,\"commentCount\":0,\"publisher\":{\"@id\":\"https:\\\/\\\/araujopolicastro.com.br\\\/#organization\"},\"image\":{\"@id\":\"https:\\\/\\\/araujopolicastro.com.br\\\/en\\\/home-office-as-one-of-the-alternatives-through-the-need-of-social-isolation\\\/#primaryimage\"},\"thumbnailUrl\":\"https:\\\/\\\/araujopolicastro.com.br\\\/wp-content\\\/uploads\\\/2024\\\/08\\\/Logo_AP-2.jpg\",\"articleSection\":[\"Coronav\u00edrus\",\"News\",\"Newsletter\",\"Publications\"],\"inLanguage\":\"en-US\",\"potentialAction\":[{\"@type\":\"CommentAction\",\"name\":\"Comment\",\"target\":[\"https:\\\/\\\/araujopolicastro.com.br\\\/en\\\/home-office-as-one-of-the-alternatives-through-the-need-of-social-isolation\\\/#respond\"]}]},{\"@type\":\"WebPage\",\"@id\":\"https:\\\/\\\/araujopolicastro.com.br\\\/en\\\/home-office-as-one-of-the-alternatives-through-the-need-of-social-isolation\\\/\",\"url\":\"https:\\\/\\\/araujopolicastro.com.br\\\/en\\\/home-office-as-one-of-the-alternatives-through-the-need-of-social-isolation\\\/\",\"name\":\"Home office as one of the alternatives through the need of social isolation - Ara\u00fajo e Policastro Advogados\",\"isPartOf\":{\"@id\":\"https:\\\/\\\/araujopolicastro.com.br\\\/#website\"},\"primaryImageOfPage\":{\"@id\":\"https:\\\/\\\/araujopolicastro.com.br\\\/en\\\/home-office-as-one-of-the-alternatives-through-the-need-of-social-isolation\\\/#primaryimage\"},\"image\":{\"@id\":\"https:\\\/\\\/araujopolicastro.com.br\\\/en\\\/home-office-as-one-of-the-alternatives-through-the-need-of-social-isolation\\\/#primaryimage\"},\"thumbnailUrl\":\"https:\\\/\\\/araujopolicastro.com.br\\\/wp-content\\\/uploads\\\/2024\\\/08\\\/Logo_AP-2.jpg\",\"datePublished\":\"2020-04-25T12:16:00+00:00\",\"dateModified\":\"2024-08-28T12:17:36+00:00\",\"breadcrumb\":{\"@id\":\"https:\\\/\\\/araujopolicastro.com.br\\\/en\\\/home-office-as-one-of-the-alternatives-through-the-need-of-social-isolation\\\/#breadcrumb\"},\"inLanguage\":\"en-US\",\"potentialAction\":[{\"@type\":\"ReadAction\",\"target\":[\"https:\\\/\\\/araujopolicastro.com.br\\\/en\\\/home-office-as-one-of-the-alternatives-through-the-need-of-social-isolation\\\/\"]}]},{\"@type\":\"ImageObject\",\"inLanguage\":\"en-US\",\"@id\":\"https:\\\/\\\/araujopolicastro.com.br\\\/en\\\/home-office-as-one-of-the-alternatives-through-the-need-of-social-isolation\\\/#primaryimage\",\"url\":\"https:\\\/\\\/araujopolicastro.com.br\\\/wp-content\\\/uploads\\\/2024\\\/08\\\/Logo_AP-2.jpg\",\"contentUrl\":\"https:\\\/\\\/araujopolicastro.com.br\\\/wp-content\\\/uploads\\\/2024\\\/08\\\/Logo_AP-2.jpg\",\"width\":800,\"height\":559},{\"@type\":\"BreadcrumbList\",\"@id\":\"https:\\\/\\\/araujopolicastro.com.br\\\/en\\\/home-office-as-one-of-the-alternatives-through-the-need-of-social-isolation\\\/#breadcrumb\",\"itemListElement\":[{\"@type\":\"ListItem\",\"position\":1,\"name\":\"In\u00edcio\",\"item\":\"https:\\\/\\\/araujopolicastro.com.br\\\/\"},{\"@type\":\"ListItem\",\"position\":2,\"name\":\"Home office as one of the alternatives through the need of social isolation\"}]},{\"@type\":\"WebSite\",\"@id\":\"https:\\\/\\\/araujopolicastro.com.br\\\/#website\",\"url\":\"https:\\\/\\\/araujopolicastro.com.br\\\/\",\"name\":\"Ara\u00fajo e Policastro Advogados\",\"description\":\"\u00c9 um dos mais conceituados escrit\u00f3rios de advocacia do Brasil, especializado em direito empresarial e internacional, com ampla experi\u00eancia e excel\u00eancia.\",\"publisher\":{\"@id\":\"https:\\\/\\\/araujopolicastro.com.br\\\/#organization\"},\"potentialAction\":[{\"@type\":\"SearchAction\",\"target\":{\"@type\":\"EntryPoint\",\"urlTemplate\":\"https:\\\/\\\/araujopolicastro.com.br\\\/?s={search_term_string}\"},\"query-input\":{\"@type\":\"PropertyValueSpecification\",\"valueRequired\":true,\"valueName\":\"search_term_string\"}}],\"inLanguage\":\"en-US\"},{\"@type\":\"Organization\",\"@id\":\"https:\\\/\\\/araujopolicastro.com.br\\\/#organization\",\"name\":\"Ara\u00fajo e Policastro Advogados\",\"url\":\"https:\\\/\\\/araujopolicastro.com.br\\\/\",\"logo\":{\"@type\":\"ImageObject\",\"inLanguage\":\"en-US\",\"@id\":\"https:\\\/\\\/araujopolicastro.com.br\\\/#\\\/schema\\\/logo\\\/image\\\/\",\"url\":\"https:\\\/\\\/araujopolicastro.com.br\\\/wp-content\\\/uploads\\\/2024\\\/07\\\/araujo-policastro-1.png\",\"contentUrl\":\"https:\\\/\\\/araujopolicastro.com.br\\\/wp-content\\\/uploads\\\/2024\\\/07\\\/araujo-policastro-1.png\",\"width\":435,\"height\":53,\"caption\":\"Ara\u00fajo e Policastro Advogados\"},\"image\":{\"@id\":\"https:\\\/\\\/araujopolicastro.com.br\\\/#\\\/schema\\\/logo\\\/image\\\/\"},\"sameAs\":[\"https:\\\/\\\/www.facebook.com\\\/araujopolicastro\",\"https:\\\/\\\/www.instagram.com\\\/araujoepolicastroadv\\\/\"]},{\"@type\":\"Person\",\"@id\":\"https:\\\/\\\/araujopolicastro.com.br\\\/#\\\/schema\\\/person\\\/c498e417129ab3440e1c1dd49288e9e6\",\"name\":\"admin\",\"image\":{\"@type\":\"ImageObject\",\"inLanguage\":\"en-US\",\"@id\":\"https:\\\/\\\/secure.gravatar.com\\\/avatar\\\/071fb9f8c04a9669cd31fa7637e7c54942844c1709575d86858962081bd1552b?s=96&d=mm&r=g\",\"url\":\"https:\\\/\\\/secure.gravatar.com\\\/avatar\\\/071fb9f8c04a9669cd31fa7637e7c54942844c1709575d86858962081bd1552b?s=96&d=mm&r=g\",\"contentUrl\":\"https:\\\/\\\/secure.gravatar.com\\\/avatar\\\/071fb9f8c04a9669cd31fa7637e7c54942844c1709575d86858962081bd1552b?s=96&d=mm&r=g\",\"caption\":\"admin\"},\"sameAs\":[\"https:\\\/\\\/araujopolicastro.com.br\"],\"url\":\"https:\\\/\\\/araujopolicastro.com.br\\\/en\\\/author\\\/admin\\\/\"}]}<\/script>\n<!-- \/ Yoast SEO plugin. -->","yoast_head_json":{"title":"Home office as one of the alternatives through the need of social isolation - Ara\u00fajo e Policastro Advogados","robots":{"index":"index","follow":"follow","max-snippet":"max-snippet:-1","max-image-preview":"max-image-preview:large","max-video-preview":"max-video-preview:-1"},"canonical":"https:\/\/araujopolicastro.com.br\/en\/home-office-as-one-of-the-alternatives-through-the-need-of-social-isolation\/","og_locale":"en_US","og_type":"article","og_title":"Home office as one of the alternatives through the need of social isolation - Ara\u00fajo e Policastro Advogados","og_description":"Learn how to use the home office system as an ally to social isolation.","og_url":"https:\/\/araujopolicastro.com.br\/en\/home-office-as-one-of-the-alternatives-through-the-need-of-social-isolation\/","og_site_name":"Ara\u00fajo e Policastro Advogados","article_publisher":"https:\/\/www.facebook.com\/araujopolicastro","article_published_time":"2020-04-25T12:16:00+00:00","article_modified_time":"2024-08-28T12:17:36+00:00","og_image":[{"width":800,"height":559,"url":"https:\/\/araujopolicastro.com.br\/wp-content\/uploads\/2024\/08\/Logo_AP-2.jpg","type":"image\/jpeg"}],"author":"admin","twitter_card":"summary_large_image","twitter_misc":{"Written by":"admin","Est. reading time":"4 minutes"},"schema":{"@context":"https:\/\/schema.org","@graph":[{"@type":"Article","@id":"https:\/\/araujopolicastro.com.br\/en\/home-office-as-one-of-the-alternatives-through-the-need-of-social-isolation\/#article","isPartOf":{"@id":"https:\/\/araujopolicastro.com.br\/en\/home-office-as-one-of-the-alternatives-through-the-need-of-social-isolation\/"},"author":{"name":"admin","@id":"https:\/\/araujopolicastro.com.br\/#\/schema\/person\/c498e417129ab3440e1c1dd49288e9e6"},"headline":"Home office as one of the alternatives through the need of social isolation","datePublished":"2020-04-25T12:16:00+00:00","dateModified":"2024-08-28T12:17:36+00:00","mainEntityOfPage":{"@id":"https:\/\/araujopolicastro.com.br\/en\/home-office-as-one-of-the-alternatives-through-the-need-of-social-isolation\/"},"wordCount":558,"commentCount":0,"publisher":{"@id":"https:\/\/araujopolicastro.com.br\/#organization"},"image":{"@id":"https:\/\/araujopolicastro.com.br\/en\/home-office-as-one-of-the-alternatives-through-the-need-of-social-isolation\/#primaryimage"},"thumbnailUrl":"https:\/\/araujopolicastro.com.br\/wp-content\/uploads\/2024\/08\/Logo_AP-2.jpg","articleSection":["Coronav\u00edrus","News","Newsletter","Publications"],"inLanguage":"en-US","potentialAction":[{"@type":"CommentAction","name":"Comment","target":["https:\/\/araujopolicastro.com.br\/en\/home-office-as-one-of-the-alternatives-through-the-need-of-social-isolation\/#respond"]}]},{"@type":"WebPage","@id":"https:\/\/araujopolicastro.com.br\/en\/home-office-as-one-of-the-alternatives-through-the-need-of-social-isolation\/","url":"https:\/\/araujopolicastro.com.br\/en\/home-office-as-one-of-the-alternatives-through-the-need-of-social-isolation\/","name":"Home office as one of the alternatives through the need of social isolation - Ara\u00fajo e Policastro Advogados","isPartOf":{"@id":"https:\/\/araujopolicastro.com.br\/#website"},"primaryImageOfPage":{"@id":"https:\/\/araujopolicastro.com.br\/en\/home-office-as-one-of-the-alternatives-through-the-need-of-social-isolation\/#primaryimage"},"image":{"@id":"https:\/\/araujopolicastro.com.br\/en\/home-office-as-one-of-the-alternatives-through-the-need-of-social-isolation\/#primaryimage"},"thumbnailUrl":"https:\/\/araujopolicastro.com.br\/wp-content\/uploads\/2024\/08\/Logo_AP-2.jpg","datePublished":"2020-04-25T12:16:00+00:00","dateModified":"2024-08-28T12:17:36+00:00","breadcrumb":{"@id":"https:\/\/araujopolicastro.com.br\/en\/home-office-as-one-of-the-alternatives-through-the-need-of-social-isolation\/#breadcrumb"},"inLanguage":"en-US","potentialAction":[{"@type":"ReadAction","target":["https:\/\/araujopolicastro.com.br\/en\/home-office-as-one-of-the-alternatives-through-the-need-of-social-isolation\/"]}]},{"@type":"ImageObject","inLanguage":"en-US","@id":"https:\/\/araujopolicastro.com.br\/en\/home-office-as-one-of-the-alternatives-through-the-need-of-social-isolation\/#primaryimage","url":"https:\/\/araujopolicastro.com.br\/wp-content\/uploads\/2024\/08\/Logo_AP-2.jpg","contentUrl":"https:\/\/araujopolicastro.com.br\/wp-content\/uploads\/2024\/08\/Logo_AP-2.jpg","width":800,"height":559},{"@type":"BreadcrumbList","@id":"https:\/\/araujopolicastro.com.br\/en\/home-office-as-one-of-the-alternatives-through-the-need-of-social-isolation\/#breadcrumb","itemListElement":[{"@type":"ListItem","position":1,"name":"In\u00edcio","item":"https:\/\/araujopolicastro.com.br\/"},{"@type":"ListItem","position":2,"name":"Home office as one of the alternatives through the need of social isolation"}]},{"@type":"WebSite","@id":"https:\/\/araujopolicastro.com.br\/#website","url":"https:\/\/araujopolicastro.com.br\/","name":"Ara\u00fajo e Policastro Advogados","description":"\u00c9 um dos mais conceituados escrit\u00f3rios de advocacia do Brasil, especializado em direito empresarial e internacional, com ampla experi\u00eancia e excel\u00eancia.","publisher":{"@id":"https:\/\/araujopolicastro.com.br\/#organization"},"potentialAction":[{"@type":"SearchAction","target":{"@type":"EntryPoint","urlTemplate":"https:\/\/araujopolicastro.com.br\/?s={search_term_string}"},"query-input":{"@type":"PropertyValueSpecification","valueRequired":true,"valueName":"search_term_string"}}],"inLanguage":"en-US"},{"@type":"Organization","@id":"https:\/\/araujopolicastro.com.br\/#organization","name":"Ara\u00fajo e Policastro Advogados","url":"https:\/\/araujopolicastro.com.br\/","logo":{"@type":"ImageObject","inLanguage":"en-US","@id":"https:\/\/araujopolicastro.com.br\/#\/schema\/logo\/image\/","url":"https:\/\/araujopolicastro.com.br\/wp-content\/uploads\/2024\/07\/araujo-policastro-1.png","contentUrl":"https:\/\/araujopolicastro.com.br\/wp-content\/uploads\/2024\/07\/araujo-policastro-1.png","width":435,"height":53,"caption":"Ara\u00fajo e Policastro Advogados"},"image":{"@id":"https:\/\/araujopolicastro.com.br\/#\/schema\/logo\/image\/"},"sameAs":["https:\/\/www.facebook.com\/araujopolicastro","https:\/\/www.instagram.com\/araujoepolicastroadv\/"]},{"@type":"Person","@id":"https:\/\/araujopolicastro.com.br\/#\/schema\/person\/c498e417129ab3440e1c1dd49288e9e6","name":"admin","image":{"@type":"ImageObject","inLanguage":"en-US","@id":"https:\/\/secure.gravatar.com\/avatar\/071fb9f8c04a9669cd31fa7637e7c54942844c1709575d86858962081bd1552b?s=96&d=mm&r=g","url":"https:\/\/secure.gravatar.com\/avatar\/071fb9f8c04a9669cd31fa7637e7c54942844c1709575d86858962081bd1552b?s=96&d=mm&r=g","contentUrl":"https:\/\/secure.gravatar.com\/avatar\/071fb9f8c04a9669cd31fa7637e7c54942844c1709575d86858962081bd1552b?s=96&d=mm&r=g","caption":"admin"},"sameAs":["https:\/\/araujopolicastro.com.br"],"url":"https:\/\/araujopolicastro.com.br\/en\/author\/admin\/"}]}},"_links":{"self":[{"href":"https:\/\/araujopolicastro.com.br\/en\/wp-json\/wp\/v2\/posts\/2519","targetHints":{"allow":["GET"]}}],"collection":[{"href":"https:\/\/araujopolicastro.com.br\/en\/wp-json\/wp\/v2\/posts"}],"about":[{"href":"https:\/\/araujopolicastro.com.br\/en\/wp-json\/wp\/v2\/types\/post"}],"author":[{"embeddable":true,"href":"https:\/\/araujopolicastro.com.br\/en\/wp-json\/wp\/v2\/users\/1"}],"replies":[{"embeddable":true,"href":"https:\/\/araujopolicastro.com.br\/en\/wp-json\/wp\/v2\/comments?post=2519"}],"version-history":[{"count":1,"href":"https:\/\/araujopolicastro.com.br\/en\/wp-json\/wp\/v2\/posts\/2519\/revisions"}],"predecessor-version":[{"id":2520,"href":"https:\/\/araujopolicastro.com.br\/en\/wp-json\/wp\/v2\/posts\/2519\/revisions\/2520"}],"wp:featuredmedia":[{"embeddable":true,"href":"https:\/\/araujopolicastro.com.br\/en\/wp-json\/wp\/v2\/media\/2054"}],"wp:attachment":[{"href":"https:\/\/araujopolicastro.com.br\/en\/wp-json\/wp\/v2\/media?parent=2519"}],"wp:term":[{"taxonomy":"category","embeddable":true,"href":"https:\/\/araujopolicastro.com.br\/en\/wp-json\/wp\/v2\/categories?post=2519"},{"taxonomy":"post_tag","embeddable":true,"href":"https:\/\/araujopolicastro.com.br\/en\/wp-json\/wp\/v2\/tags?post=2519"}],"curies":[{"name":"wp","href":"https:\/\/api.w.org\/{rel}","templated":true}]}}