{"id":2523,"date":"2020-03-16T09:18:00","date_gmt":"2020-03-16T12:18:00","guid":{"rendered":"https:\/\/araujopolicastro.com.br\/?p=2523"},"modified":"2024-08-28T09:22:19","modified_gmt":"2024-08-28T12:22:19","slug":"labor-relations-in-times-of-coronavirus-pandemic","status":"publish","type":"post","link":"https:\/\/araujopolicastro.com.br\/en\/labor-relations-in-times-of-coronavirus-pandemic\/","title":{"rendered":"Labor Relations in Times of Coronavirus Pandemic"},"content":{"rendered":"\n<p>The World Health Organization (WHO) declared, on March 11, a global Coronavirus pandemic. Prevention recommendations include frequent cleaning and hygiene of the workplace, regular promotion of hand cleaning and making handkerchiefs available in easily accessible places, in addition to the recommendation to avoid crowds and the suggestion of working in home office, as measures to combat the spread of the virus.<\/p>\n\n\n\n<p><strong>Quarantine and isolation<\/strong><\/p>\n\n\n\n<p>In the beginning of February, Law No. 13,979\/2020 was enacted, providing for measures to deal with the public health emergency resulting from the Coronavirus. Isolation and quarantine are some of the measures that can be applied by the Government in case of worsening contamination of the population and proliferation of the virus.<\/p>\n\n\n\n<p>In this case, it is important to highlight that the period of absence from work, resulting from governmental determination, will be considered a justified absence from public service or private labor activity (article 3, paragraph 3). Isolation and quarantine measures, however, can only be taken by local health authorities, accredited by the Ministry of Health, which, so far, has not yet occurred.<\/p>\n\n\n\n<p>If the leave is not due to the Coronavirus, the general provisions for leave for health reasons apply. Thus, employees incapacitated for work or their usual activity for more than 15 days are entitled to sickness benefits. In the first 15 consecutive days of leave, the company must pay the employee his\/her full salary. After the 16th day, payment is made by Social Security.<\/p>\n\n\n\n<p><strong>Home Office<\/strong><\/p>\n\n\n\n<p>One of the suggested measures to avoid the crowding of people and the spread of the virus is the work under home office, defined as the provision of services predominantly outside the employer&#8217;s premises, with the use of information and communication technologies that, by their nature, do not constitute external work.<\/p>\n\n\n\n<p>In the event of an eventual emergency situation, such as that of COVID-19, the adoption of remote work is temporary and may be applied without some formal steps, as long as the limits established in the labor legislation and in the employment agreement are respected. Although the employee is working at home, the contractual place of provision of the service remains the company\u2019s premises.<\/p>\n\n\n\n<p>It is important to highlight that, during this period, the obligations of the employment contract, from side to side, remain in force, so that the provision of services must occur in compliance with the same standards, by both the employees and the companies.<\/p>\n\n\n\n<p><strong>Healthy environment<\/strong><\/p>\n\n\n\n<p>We reinforce, through this informative, that, among the company&#8217;s obligations, is to comply with and enforce safety and occupational medicine standards. In addition, the company must instruct employees on the precautions to be taken to avoid on-job accidents or occupational diseases (Article 157, items I and II, from Labor Code).<\/p>\n\n\n\n<p>The employee, in turn, has the duty to observe the safety and occupational medicine rules and collaborate with the company in their application.<\/p>\n\n\n\n<p>The moment is one of mutual collaboration.<\/p>\n\n\n\n<p>In case of doubts about how to proceed, our Labor Team is available to clarify any questions.<\/p>\n","protected":false},"excerpt":{"rendered":"<p>Find out how the employment relationships remain in times of Coronavirus and what are the responsibilities of the company and employee.<\/p>\n","protected":false},"author":1,"featured_media":2054,"comment_status":"open","ping_status":"open","sticky":false,"template":"","format":"standard","meta":{"_acf_changed":false,"footnotes":""},"categories":[606,614,615],"tags":[643,644,645,646],"class_list":["post-2523","post","type-post","status-publish","format-standard","has-post-thumbnail","hentry","category-news","category-newsletter","category-publications","tag-coronavirus-3","tag-employment","tag-healthy-environment","tag-home-office"],"acf":[],"yoast_head":"<!-- This site is optimized with the Yoast SEO plugin v27.5 - https:\/\/yoast.com\/product\/yoast-seo-wordpress\/ -->\n<title>Labor Relations in Times of Coronavirus Pandemic - Ara\u00fajo e Policastro Advogados<\/title>\n<meta name=\"robots\" content=\"index, follow, max-snippet:-1, max-image-preview:large, max-video-preview:-1\" \/>\n<link rel=\"canonical\" href=\"https:\/\/araujopolicastro.com.br\/en\/labor-relations-in-times-of-coronavirus-pandemic\/\" \/>\n<meta property=\"og:locale\" content=\"en_US\" \/>\n<meta property=\"og:type\" content=\"article\" \/>\n<meta property=\"og:title\" content=\"Labor Relations in Times of Coronavirus Pandemic - Ara\u00fajo e Policastro Advogados\" \/>\n<meta property=\"og:description\" content=\"Find out how the employment relationships remain in times of Coronavirus and what are the responsibilities of the company and employee.\" \/>\n<meta property=\"og:url\" content=\"https:\/\/araujopolicastro.com.br\/en\/labor-relations-in-times-of-coronavirus-pandemic\/\" \/>\n<meta property=\"og:site_name\" content=\"Ara\u00fajo e Policastro Advogados\" \/>\n<meta property=\"article:publisher\" content=\"https:\/\/www.facebook.com\/araujopolicastro\" \/>\n<meta property=\"article:published_time\" content=\"2020-03-16T12:18:00+00:00\" \/>\n<meta property=\"article:modified_time\" content=\"2024-08-28T12:22:19+00:00\" \/>\n<meta property=\"og:image\" content=\"https:\/\/araujopolicastro.com.br\/wp-content\/uploads\/2024\/08\/Logo_AP-2.jpg\" \/>\n\t<meta property=\"og:image:width\" content=\"800\" \/>\n\t<meta property=\"og:image:height\" content=\"559\" \/>\n\t<meta property=\"og:image:type\" content=\"image\/jpeg\" \/>\n<meta name=\"author\" content=\"admin\" \/>\n<meta name=\"twitter:card\" content=\"summary_large_image\" \/>\n<meta name=\"twitter:label1\" content=\"Written by\" \/>\n\t<meta name=\"twitter:data1\" content=\"admin\" \/>\n\t<meta name=\"twitter:label2\" content=\"Est. reading time\" \/>\n\t<meta name=\"twitter:data2\" content=\"3 minutes\" \/>\n<script type=\"application\/ld+json\" class=\"yoast-schema-graph\">{\"@context\":\"https:\\\/\\\/schema.org\",\"@graph\":[{\"@type\":\"Article\",\"@id\":\"https:\\\/\\\/araujopolicastro.com.br\\\/en\\\/labor-relations-in-times-of-coronavirus-pandemic\\\/#article\",\"isPartOf\":{\"@id\":\"https:\\\/\\\/araujopolicastro.com.br\\\/en\\\/labor-relations-in-times-of-coronavirus-pandemic\\\/\"},\"author\":{\"name\":\"admin\",\"@id\":\"https:\\\/\\\/araujopolicastro.com.br\\\/#\\\/schema\\\/person\\\/c498e417129ab3440e1c1dd49288e9e6\"},\"headline\":\"Labor Relations in Times of Coronavirus Pandemic\",\"datePublished\":\"2020-03-16T12:18:00+00:00\",\"dateModified\":\"2024-08-28T12:22:19+00:00\",\"mainEntityOfPage\":{\"@id\":\"https:\\\/\\\/araujopolicastro.com.br\\\/en\\\/labor-relations-in-times-of-coronavirus-pandemic\\\/\"},\"wordCount\":503,\"commentCount\":0,\"publisher\":{\"@id\":\"https:\\\/\\\/araujopolicastro.com.br\\\/#organization\"},\"image\":{\"@id\":\"https:\\\/\\\/araujopolicastro.com.br\\\/en\\\/labor-relations-in-times-of-coronavirus-pandemic\\\/#primaryimage\"},\"thumbnailUrl\":\"https:\\\/\\\/araujopolicastro.com.br\\\/wp-content\\\/uploads\\\/2024\\\/08\\\/Logo_AP-2.jpg\",\"keywords\":[\"coronav\u00edrus\",\"employment\",\"healthy environment\",\"home office\"],\"articleSection\":[\"News\",\"Newsletter\",\"Publications\"],\"inLanguage\":\"en-US\",\"potentialAction\":[{\"@type\":\"CommentAction\",\"name\":\"Comment\",\"target\":[\"https:\\\/\\\/araujopolicastro.com.br\\\/en\\\/labor-relations-in-times-of-coronavirus-pandemic\\\/#respond\"]}]},{\"@type\":\"WebPage\",\"@id\":\"https:\\\/\\\/araujopolicastro.com.br\\\/en\\\/labor-relations-in-times-of-coronavirus-pandemic\\\/\",\"url\":\"https:\\\/\\\/araujopolicastro.com.br\\\/en\\\/labor-relations-in-times-of-coronavirus-pandemic\\\/\",\"name\":\"Labor Relations in Times of Coronavirus Pandemic - Ara\u00fajo e Policastro Advogados\",\"isPartOf\":{\"@id\":\"https:\\\/\\\/araujopolicastro.com.br\\\/#website\"},\"primaryImageOfPage\":{\"@id\":\"https:\\\/\\\/araujopolicastro.com.br\\\/en\\\/labor-relations-in-times-of-coronavirus-pandemic\\\/#primaryimage\"},\"image\":{\"@id\":\"https:\\\/\\\/araujopolicastro.com.br\\\/en\\\/labor-relations-in-times-of-coronavirus-pandemic\\\/#primaryimage\"},\"thumbnailUrl\":\"https:\\\/\\\/araujopolicastro.com.br\\\/wp-content\\\/uploads\\\/2024\\\/08\\\/Logo_AP-2.jpg\",\"datePublished\":\"2020-03-16T12:18:00+00:00\",\"dateModified\":\"2024-08-28T12:22:19+00:00\",\"breadcrumb\":{\"@id\":\"https:\\\/\\\/araujopolicastro.com.br\\\/en\\\/labor-relations-in-times-of-coronavirus-pandemic\\\/#breadcrumb\"},\"inLanguage\":\"en-US\",\"potentialAction\":[{\"@type\":\"ReadAction\",\"target\":[\"https:\\\/\\\/araujopolicastro.com.br\\\/en\\\/labor-relations-in-times-of-coronavirus-pandemic\\\/\"]}]},{\"@type\":\"ImageObject\",\"inLanguage\":\"en-US\",\"@id\":\"https:\\\/\\\/araujopolicastro.com.br\\\/en\\\/labor-relations-in-times-of-coronavirus-pandemic\\\/#primaryimage\",\"url\":\"https:\\\/\\\/araujopolicastro.com.br\\\/wp-content\\\/uploads\\\/2024\\\/08\\\/Logo_AP-2.jpg\",\"contentUrl\":\"https:\\\/\\\/araujopolicastro.com.br\\\/wp-content\\\/uploads\\\/2024\\\/08\\\/Logo_AP-2.jpg\",\"width\":800,\"height\":559},{\"@type\":\"BreadcrumbList\",\"@id\":\"https:\\\/\\\/araujopolicastro.com.br\\\/en\\\/labor-relations-in-times-of-coronavirus-pandemic\\\/#breadcrumb\",\"itemListElement\":[{\"@type\":\"ListItem\",\"position\":1,\"name\":\"In\u00edcio\",\"item\":\"https:\\\/\\\/araujopolicastro.com.br\\\/\"},{\"@type\":\"ListItem\",\"position\":2,\"name\":\"Labor Relations in Times of Coronavirus Pandemic\"}]},{\"@type\":\"WebSite\",\"@id\":\"https:\\\/\\\/araujopolicastro.com.br\\\/#website\",\"url\":\"https:\\\/\\\/araujopolicastro.com.br\\\/\",\"name\":\"Ara\u00fajo e Policastro Advogados\",\"description\":\"\u00c9 um dos mais conceituados escrit\u00f3rios de advocacia do Brasil, especializado em direito empresarial e internacional, com ampla experi\u00eancia e excel\u00eancia.\",\"publisher\":{\"@id\":\"https:\\\/\\\/araujopolicastro.com.br\\\/#organization\"},\"potentialAction\":[{\"@type\":\"SearchAction\",\"target\":{\"@type\":\"EntryPoint\",\"urlTemplate\":\"https:\\\/\\\/araujopolicastro.com.br\\\/?s={search_term_string}\"},\"query-input\":{\"@type\":\"PropertyValueSpecification\",\"valueRequired\":true,\"valueName\":\"search_term_string\"}}],\"inLanguage\":\"en-US\"},{\"@type\":\"Organization\",\"@id\":\"https:\\\/\\\/araujopolicastro.com.br\\\/#organization\",\"name\":\"Ara\u00fajo e Policastro Advogados\",\"url\":\"https:\\\/\\\/araujopolicastro.com.br\\\/\",\"logo\":{\"@type\":\"ImageObject\",\"inLanguage\":\"en-US\",\"@id\":\"https:\\\/\\\/araujopolicastro.com.br\\\/#\\\/schema\\\/logo\\\/image\\\/\",\"url\":\"https:\\\/\\\/araujopolicastro.com.br\\\/wp-content\\\/uploads\\\/2024\\\/07\\\/araujo-policastro-1.png\",\"contentUrl\":\"https:\\\/\\\/araujopolicastro.com.br\\\/wp-content\\\/uploads\\\/2024\\\/07\\\/araujo-policastro-1.png\",\"width\":435,\"height\":53,\"caption\":\"Ara\u00fajo e Policastro Advogados\"},\"image\":{\"@id\":\"https:\\\/\\\/araujopolicastro.com.br\\\/#\\\/schema\\\/logo\\\/image\\\/\"},\"sameAs\":[\"https:\\\/\\\/www.facebook.com\\\/araujopolicastro\",\"https:\\\/\\\/www.instagram.com\\\/araujoepolicastroadv\\\/\"]},{\"@type\":\"Person\",\"@id\":\"https:\\\/\\\/araujopolicastro.com.br\\\/#\\\/schema\\\/person\\\/c498e417129ab3440e1c1dd49288e9e6\",\"name\":\"admin\",\"image\":{\"@type\":\"ImageObject\",\"inLanguage\":\"en-US\",\"@id\":\"https:\\\/\\\/secure.gravatar.com\\\/avatar\\\/071fb9f8c04a9669cd31fa7637e7c54942844c1709575d86858962081bd1552b?s=96&d=mm&r=g\",\"url\":\"https:\\\/\\\/secure.gravatar.com\\\/avatar\\\/071fb9f8c04a9669cd31fa7637e7c54942844c1709575d86858962081bd1552b?s=96&d=mm&r=g\",\"contentUrl\":\"https:\\\/\\\/secure.gravatar.com\\\/avatar\\\/071fb9f8c04a9669cd31fa7637e7c54942844c1709575d86858962081bd1552b?s=96&d=mm&r=g\",\"caption\":\"admin\"},\"sameAs\":[\"https:\\\/\\\/araujopolicastro.com.br\"],\"url\":\"https:\\\/\\\/araujopolicastro.com.br\\\/en\\\/author\\\/admin\\\/\"}]}<\/script>\n<!-- \/ Yoast SEO plugin. -->","yoast_head_json":{"title":"Labor Relations in Times of Coronavirus Pandemic - Ara\u00fajo e Policastro Advogados","robots":{"index":"index","follow":"follow","max-snippet":"max-snippet:-1","max-image-preview":"max-image-preview:large","max-video-preview":"max-video-preview:-1"},"canonical":"https:\/\/araujopolicastro.com.br\/en\/labor-relations-in-times-of-coronavirus-pandemic\/","og_locale":"en_US","og_type":"article","og_title":"Labor Relations in Times of Coronavirus Pandemic - Ara\u00fajo e Policastro Advogados","og_description":"Find out how the employment relationships remain in times of Coronavirus and what are the responsibilities of the company and employee.","og_url":"https:\/\/araujopolicastro.com.br\/en\/labor-relations-in-times-of-coronavirus-pandemic\/","og_site_name":"Ara\u00fajo e Policastro Advogados","article_publisher":"https:\/\/www.facebook.com\/araujopolicastro","article_published_time":"2020-03-16T12:18:00+00:00","article_modified_time":"2024-08-28T12:22:19+00:00","og_image":[{"width":800,"height":559,"url":"https:\/\/araujopolicastro.com.br\/wp-content\/uploads\/2024\/08\/Logo_AP-2.jpg","type":"image\/jpeg"}],"author":"admin","twitter_card":"summary_large_image","twitter_misc":{"Written by":"admin","Est. reading time":"3 minutes"},"schema":{"@context":"https:\/\/schema.org","@graph":[{"@type":"Article","@id":"https:\/\/araujopolicastro.com.br\/en\/labor-relations-in-times-of-coronavirus-pandemic\/#article","isPartOf":{"@id":"https:\/\/araujopolicastro.com.br\/en\/labor-relations-in-times-of-coronavirus-pandemic\/"},"author":{"name":"admin","@id":"https:\/\/araujopolicastro.com.br\/#\/schema\/person\/c498e417129ab3440e1c1dd49288e9e6"},"headline":"Labor Relations in Times of Coronavirus Pandemic","datePublished":"2020-03-16T12:18:00+00:00","dateModified":"2024-08-28T12:22:19+00:00","mainEntityOfPage":{"@id":"https:\/\/araujopolicastro.com.br\/en\/labor-relations-in-times-of-coronavirus-pandemic\/"},"wordCount":503,"commentCount":0,"publisher":{"@id":"https:\/\/araujopolicastro.com.br\/#organization"},"image":{"@id":"https:\/\/araujopolicastro.com.br\/en\/labor-relations-in-times-of-coronavirus-pandemic\/#primaryimage"},"thumbnailUrl":"https:\/\/araujopolicastro.com.br\/wp-content\/uploads\/2024\/08\/Logo_AP-2.jpg","keywords":["coronav\u00edrus","employment","healthy environment","home office"],"articleSection":["News","Newsletter","Publications"],"inLanguage":"en-US","potentialAction":[{"@type":"CommentAction","name":"Comment","target":["https:\/\/araujopolicastro.com.br\/en\/labor-relations-in-times-of-coronavirus-pandemic\/#respond"]}]},{"@type":"WebPage","@id":"https:\/\/araujopolicastro.com.br\/en\/labor-relations-in-times-of-coronavirus-pandemic\/","url":"https:\/\/araujopolicastro.com.br\/en\/labor-relations-in-times-of-coronavirus-pandemic\/","name":"Labor Relations in Times of Coronavirus Pandemic - Ara\u00fajo e Policastro Advogados","isPartOf":{"@id":"https:\/\/araujopolicastro.com.br\/#website"},"primaryImageOfPage":{"@id":"https:\/\/araujopolicastro.com.br\/en\/labor-relations-in-times-of-coronavirus-pandemic\/#primaryimage"},"image":{"@id":"https:\/\/araujopolicastro.com.br\/en\/labor-relations-in-times-of-coronavirus-pandemic\/#primaryimage"},"thumbnailUrl":"https:\/\/araujopolicastro.com.br\/wp-content\/uploads\/2024\/08\/Logo_AP-2.jpg","datePublished":"2020-03-16T12:18:00+00:00","dateModified":"2024-08-28T12:22:19+00:00","breadcrumb":{"@id":"https:\/\/araujopolicastro.com.br\/en\/labor-relations-in-times-of-coronavirus-pandemic\/#breadcrumb"},"inLanguage":"en-US","potentialAction":[{"@type":"ReadAction","target":["https:\/\/araujopolicastro.com.br\/en\/labor-relations-in-times-of-coronavirus-pandemic\/"]}]},{"@type":"ImageObject","inLanguage":"en-US","@id":"https:\/\/araujopolicastro.com.br\/en\/labor-relations-in-times-of-coronavirus-pandemic\/#primaryimage","url":"https:\/\/araujopolicastro.com.br\/wp-content\/uploads\/2024\/08\/Logo_AP-2.jpg","contentUrl":"https:\/\/araujopolicastro.com.br\/wp-content\/uploads\/2024\/08\/Logo_AP-2.jpg","width":800,"height":559},{"@type":"BreadcrumbList","@id":"https:\/\/araujopolicastro.com.br\/en\/labor-relations-in-times-of-coronavirus-pandemic\/#breadcrumb","itemListElement":[{"@type":"ListItem","position":1,"name":"In\u00edcio","item":"https:\/\/araujopolicastro.com.br\/"},{"@type":"ListItem","position":2,"name":"Labor Relations in Times of Coronavirus Pandemic"}]},{"@type":"WebSite","@id":"https:\/\/araujopolicastro.com.br\/#website","url":"https:\/\/araujopolicastro.com.br\/","name":"Ara\u00fajo e Policastro Advogados","description":"\u00c9 um dos mais conceituados escrit\u00f3rios de advocacia do Brasil, especializado em direito empresarial e internacional, com ampla experi\u00eancia e excel\u00eancia.","publisher":{"@id":"https:\/\/araujopolicastro.com.br\/#organization"},"potentialAction":[{"@type":"SearchAction","target":{"@type":"EntryPoint","urlTemplate":"https:\/\/araujopolicastro.com.br\/?s={search_term_string}"},"query-input":{"@type":"PropertyValueSpecification","valueRequired":true,"valueName":"search_term_string"}}],"inLanguage":"en-US"},{"@type":"Organization","@id":"https:\/\/araujopolicastro.com.br\/#organization","name":"Ara\u00fajo e Policastro Advogados","url":"https:\/\/araujopolicastro.com.br\/","logo":{"@type":"ImageObject","inLanguage":"en-US","@id":"https:\/\/araujopolicastro.com.br\/#\/schema\/logo\/image\/","url":"https:\/\/araujopolicastro.com.br\/wp-content\/uploads\/2024\/07\/araujo-policastro-1.png","contentUrl":"https:\/\/araujopolicastro.com.br\/wp-content\/uploads\/2024\/07\/araujo-policastro-1.png","width":435,"height":53,"caption":"Ara\u00fajo e Policastro Advogados"},"image":{"@id":"https:\/\/araujopolicastro.com.br\/#\/schema\/logo\/image\/"},"sameAs":["https:\/\/www.facebook.com\/araujopolicastro","https:\/\/www.instagram.com\/araujoepolicastroadv\/"]},{"@type":"Person","@id":"https:\/\/araujopolicastro.com.br\/#\/schema\/person\/c498e417129ab3440e1c1dd49288e9e6","name":"admin","image":{"@type":"ImageObject","inLanguage":"en-US","@id":"https:\/\/secure.gravatar.com\/avatar\/071fb9f8c04a9669cd31fa7637e7c54942844c1709575d86858962081bd1552b?s=96&d=mm&r=g","url":"https:\/\/secure.gravatar.com\/avatar\/071fb9f8c04a9669cd31fa7637e7c54942844c1709575d86858962081bd1552b?s=96&d=mm&r=g","contentUrl":"https:\/\/secure.gravatar.com\/avatar\/071fb9f8c04a9669cd31fa7637e7c54942844c1709575d86858962081bd1552b?s=96&d=mm&r=g","caption":"admin"},"sameAs":["https:\/\/araujopolicastro.com.br"],"url":"https:\/\/araujopolicastro.com.br\/en\/author\/admin\/"}]}},"_links":{"self":[{"href":"https:\/\/araujopolicastro.com.br\/en\/wp-json\/wp\/v2\/posts\/2523","targetHints":{"allow":["GET"]}}],"collection":[{"href":"https:\/\/araujopolicastro.com.br\/en\/wp-json\/wp\/v2\/posts"}],"about":[{"href":"https:\/\/araujopolicastro.com.br\/en\/wp-json\/wp\/v2\/types\/post"}],"author":[{"embeddable":true,"href":"https:\/\/araujopolicastro.com.br\/en\/wp-json\/wp\/v2\/users\/1"}],"replies":[{"embeddable":true,"href":"https:\/\/araujopolicastro.com.br\/en\/wp-json\/wp\/v2\/comments?post=2523"}],"version-history":[{"count":1,"href":"https:\/\/araujopolicastro.com.br\/en\/wp-json\/wp\/v2\/posts\/2523\/revisions"}],"predecessor-version":[{"id":2524,"href":"https:\/\/araujopolicastro.com.br\/en\/wp-json\/wp\/v2\/posts\/2523\/revisions\/2524"}],"wp:featuredmedia":[{"embeddable":true,"href":"https:\/\/araujopolicastro.com.br\/en\/wp-json\/wp\/v2\/media\/2054"}],"wp:attachment":[{"href":"https:\/\/araujopolicastro.com.br\/en\/wp-json\/wp\/v2\/media?parent=2523"}],"wp:term":[{"taxonomy":"category","embeddable":true,"href":"https:\/\/araujopolicastro.com.br\/en\/wp-json\/wp\/v2\/categories?post=2523"},{"taxonomy":"post_tag","embeddable":true,"href":"https:\/\/araujopolicastro.com.br\/en\/wp-json\/wp\/v2\/tags?post=2523"}],"curies":[{"name":"wp","href":"https:\/\/api.w.org\/{rel}","templated":true}]}}