{"id":4469,"date":"2025-02-24T12:52:39","date_gmt":"2025-02-24T15:52:39","guid":{"rendered":"https:\/\/araujopolicastro.com.br\/webinar-nr-1-and-psychosocial-risk-factors\/"},"modified":"2026-02-05T16:29:12","modified_gmt":"2026-02-05T19:29:12","slug":"webinar-nr-1-and-psychosocial-risk-factors","status":"publish","type":"post","link":"https:\/\/araujopolicastro.com.br\/en\/webinar-nr-1-and-psychosocial-risk-factors\/","title":{"rendered":"Webinar: NR 1 and psychosocial risk factors"},"content":{"rendered":"\n<p>Join our next webinar on February 26th<\/p>\n\n<p>On February 26, our labor partner, Alexandre Pessoa, will present another webinar. This time, the topic is<strong>&#8220;NR 1 and psychosocial risk factors<\/strong>&#8220;.   <\/p>\n\n<p>As of May 26, 2025, occupational risk management will involve work-related psychosocial risk factors, in addition to those previously included in NR 1 (physical, chemical and biological agents, accident risks and risks related to ergonomic factors).<\/p>\n\n<p>To comment on the issue and its consequences for employers, Alexandre Pessoa has prepared a webinar which, so that everyone can take advantage of it, will be held in two sessions on the same day. The first takes place from <strong>11:00 to 11:30<\/strong> and the second from <strong>15:00 to 15:30.<\/strong> Choose the best time for you and take part! <\/p>\n\n<p>Sign up using the links below:<\/p>\n\n<p><strong>1st session: <\/strong>11h &#8211; 11h30 &gt;<a href=\"https:\/\/events.teams.microsoft.com\/event\/34b5eda7-2dd4-4933-88d3-5d5702c32812@c3e03ab6-8e5e-457d-bd8c-4ef923256f20\"> register here<\/a><\/p>\n\n<p><strong>2nd session:<\/strong> 15h &#8211; 15h30 &gt; <a href=\"https:\/\/events.teams.microsoft.com\/event\/2909194a-8376-4f6e-a7e5-3a3e787a8642@c3e03ab6-8e5e-457d-bd8c-4ef923256f20\">register here<\/a><\/p>\n","protected":false},"excerpt":{"rendered":"<p>Register for our next Webinar: NR 1 and psychosocial risk factors<\/p>\n","protected":false},"author":4,"featured_media":4458,"comment_status":"open","ping_status":"open","sticky":false,"template":"","format":"standard","meta":{"_acf_changed":false,"footnotes":""},"categories":[695],"tags":[],"class_list":["post-4469","post","type-post","status-publish","format-standard","has-post-thumbnail","hentry","category-events-en"],"acf":[],"yoast_head":"<!-- This site is optimized with the Yoast SEO plugin v27.5 - https:\/\/yoast.com\/product\/yoast-seo-wordpress\/ -->\n<title>Webinar: NR 1 and psychosocial risk factors - Ara\u00fajo e Policastro Advogados<\/title>\n<meta name=\"description\" content=\"On February 26, our partner Alexandre Pessoa, from the labor area, will present another webinar!\" \/>\n<meta name=\"robots\" content=\"index, follow, max-snippet:-1, max-image-preview:large, max-video-preview:-1\" \/>\n<link rel=\"canonical\" href=\"https:\/\/araujopolicastro.com.br\/en\/webinar-nr-1-and-psychosocial-risk-factors\/\" \/>\n<meta property=\"og:locale\" content=\"en_US\" \/>\n<meta property=\"og:type\" content=\"article\" \/>\n<meta property=\"og:title\" content=\"Webinar: NR 1 and psychosocial risk factors - Ara\u00fajo e Policastro Advogados\" \/>\n<meta property=\"og:description\" content=\"On February 26, our partner Alexandre Pessoa, from the labor area, will present another webinar!\" \/>\n<meta property=\"og:url\" content=\"https:\/\/araujopolicastro.com.br\/en\/webinar-nr-1-and-psychosocial-risk-factors\/\" \/>\n<meta property=\"og:site_name\" content=\"Ara\u00fajo e Policastro Advogados\" \/>\n<meta property=\"article:publisher\" content=\"https:\/\/www.facebook.com\/araujopolicastro\" \/>\n<meta property=\"article:published_time\" content=\"2025-02-24T15:52:39+00:00\" \/>\n<meta property=\"article:modified_time\" content=\"2026-02-05T19:29:12+00:00\" \/>\n<meta property=\"og:image\" content=\"https:\/\/araujopolicastro.com.br\/wp-content\/uploads\/2025\/02\/Banner-RD-Livros-2.jpg\" \/>\n\t<meta property=\"og:image:width\" content=\"600\" \/>\n\t<meta property=\"og:image:height\" content=\"295\" \/>\n\t<meta property=\"og:image:type\" content=\"image\/jpeg\" \/>\n<meta name=\"author\" content=\"Thiago Santos\" \/>\n<meta name=\"twitter:card\" content=\"summary_large_image\" \/>\n<meta name=\"twitter:label1\" content=\"Written by\" \/>\n\t<meta name=\"twitter:data1\" content=\"Thiago Santos\" \/>\n\t<meta name=\"twitter:label2\" content=\"Est. reading time\" \/>\n\t<meta name=\"twitter:data2\" content=\"1 minute\" \/>\n<script type=\"application\/ld+json\" class=\"yoast-schema-graph\">{\"@context\":\"https:\\\/\\\/schema.org\",\"@graph\":[{\"@type\":\"Article\",\"@id\":\"https:\\\/\\\/araujopolicastro.com.br\\\/en\\\/webinar-nr-1-and-psychosocial-risk-factors\\\/#article\",\"isPartOf\":{\"@id\":\"https:\\\/\\\/araujopolicastro.com.br\\\/en\\\/webinar-nr-1-and-psychosocial-risk-factors\\\/\"},\"author\":{\"name\":\"Thiago Santos\",\"@id\":\"https:\\\/\\\/araujopolicastro.com.br\\\/#\\\/schema\\\/person\\\/03ca544f6c7b67a7c8a75a4511ded0e2\"},\"headline\":\"Webinar: NR 1 and psychosocial risk factors\",\"datePublished\":\"2025-02-24T15:52:39+00:00\",\"dateModified\":\"2026-02-05T19:29:12+00:00\",\"mainEntityOfPage\":{\"@id\":\"https:\\\/\\\/araujopolicastro.com.br\\\/en\\\/webinar-nr-1-and-psychosocial-risk-factors\\\/\"},\"wordCount\":144,\"commentCount\":0,\"publisher\":{\"@id\":\"https:\\\/\\\/araujopolicastro.com.br\\\/#organization\"},\"image\":{\"@id\":\"https:\\\/\\\/araujopolicastro.com.br\\\/en\\\/webinar-nr-1-and-psychosocial-risk-factors\\\/#primaryimage\"},\"thumbnailUrl\":\"https:\\\/\\\/araujopolicastro.com.br\\\/wp-content\\\/uploads\\\/2025\\\/02\\\/Banner-RD-Livros-2.jpg\",\"articleSection\":[\"Events\"],\"inLanguage\":\"en-US\",\"potentialAction\":[{\"@type\":\"CommentAction\",\"name\":\"Comment\",\"target\":[\"https:\\\/\\\/araujopolicastro.com.br\\\/en\\\/webinar-nr-1-and-psychosocial-risk-factors\\\/#respond\"]}]},{\"@type\":\"WebPage\",\"@id\":\"https:\\\/\\\/araujopolicastro.com.br\\\/en\\\/webinar-nr-1-and-psychosocial-risk-factors\\\/\",\"url\":\"https:\\\/\\\/araujopolicastro.com.br\\\/en\\\/webinar-nr-1-and-psychosocial-risk-factors\\\/\",\"name\":\"Webinar: NR 1 and psychosocial risk factors - Ara\u00fajo e Policastro Advogados\",\"isPartOf\":{\"@id\":\"https:\\\/\\\/araujopolicastro.com.br\\\/#website\"},\"primaryImageOfPage\":{\"@id\":\"https:\\\/\\\/araujopolicastro.com.br\\\/en\\\/webinar-nr-1-and-psychosocial-risk-factors\\\/#primaryimage\"},\"image\":{\"@id\":\"https:\\\/\\\/araujopolicastro.com.br\\\/en\\\/webinar-nr-1-and-psychosocial-risk-factors\\\/#primaryimage\"},\"thumbnailUrl\":\"https:\\\/\\\/araujopolicastro.com.br\\\/wp-content\\\/uploads\\\/2025\\\/02\\\/Banner-RD-Livros-2.jpg\",\"datePublished\":\"2025-02-24T15:52:39+00:00\",\"dateModified\":\"2026-02-05T19:29:12+00:00\",\"description\":\"On February 26, our partner Alexandre Pessoa, from the labor area, will present another webinar!\",\"breadcrumb\":{\"@id\":\"https:\\\/\\\/araujopolicastro.com.br\\\/en\\\/webinar-nr-1-and-psychosocial-risk-factors\\\/#breadcrumb\"},\"inLanguage\":\"en-US\",\"potentialAction\":[{\"@type\":\"ReadAction\",\"target\":[\"https:\\\/\\\/araujopolicastro.com.br\\\/en\\\/webinar-nr-1-and-psychosocial-risk-factors\\\/\"]}]},{\"@type\":\"ImageObject\",\"inLanguage\":\"en-US\",\"@id\":\"https:\\\/\\\/araujopolicastro.com.br\\\/en\\\/webinar-nr-1-and-psychosocial-risk-factors\\\/#primaryimage\",\"url\":\"https:\\\/\\\/araujopolicastro.com.br\\\/wp-content\\\/uploads\\\/2025\\\/02\\\/Banner-RD-Livros-2.jpg\",\"contentUrl\":\"https:\\\/\\\/araujopolicastro.com.br\\\/wp-content\\\/uploads\\\/2025\\\/02\\\/Banner-RD-Livros-2.jpg\",\"width\":600,\"height\":295},{\"@type\":\"BreadcrumbList\",\"@id\":\"https:\\\/\\\/araujopolicastro.com.br\\\/en\\\/webinar-nr-1-and-psychosocial-risk-factors\\\/#breadcrumb\",\"itemListElement\":[{\"@type\":\"ListItem\",\"position\":1,\"name\":\"In\u00edcio\",\"item\":\"https:\\\/\\\/araujopolicastro.com.br\\\/\"},{\"@type\":\"ListItem\",\"position\":2,\"name\":\"Webinar: NR 1 and psychosocial risk factors\"}]},{\"@type\":\"WebSite\",\"@id\":\"https:\\\/\\\/araujopolicastro.com.br\\\/#website\",\"url\":\"https:\\\/\\\/araujopolicastro.com.br\\\/\",\"name\":\"Ara\u00fajo e Policastro Advogados\",\"description\":\"\u00c9 um dos mais conceituados escrit\u00f3rios de advocacia do Brasil, especializado em direito empresarial e internacional, com ampla experi\u00eancia e excel\u00eancia.\",\"publisher\":{\"@id\":\"https:\\\/\\\/araujopolicastro.com.br\\\/#organization\"},\"potentialAction\":[{\"@type\":\"SearchAction\",\"target\":{\"@type\":\"EntryPoint\",\"urlTemplate\":\"https:\\\/\\\/araujopolicastro.com.br\\\/?s={search_term_string}\"},\"query-input\":{\"@type\":\"PropertyValueSpecification\",\"valueRequired\":true,\"valueName\":\"search_term_string\"}}],\"inLanguage\":\"en-US\"},{\"@type\":\"Organization\",\"@id\":\"https:\\\/\\\/araujopolicastro.com.br\\\/#organization\",\"name\":\"Ara\u00fajo e Policastro Advogados\",\"url\":\"https:\\\/\\\/araujopolicastro.com.br\\\/\",\"logo\":{\"@type\":\"ImageObject\",\"inLanguage\":\"en-US\",\"@id\":\"https:\\\/\\\/araujopolicastro.com.br\\\/#\\\/schema\\\/logo\\\/image\\\/\",\"url\":\"https:\\\/\\\/araujopolicastro.com.br\\\/wp-content\\\/uploads\\\/2024\\\/07\\\/araujo-policastro-1.png\",\"contentUrl\":\"https:\\\/\\\/araujopolicastro.com.br\\\/wp-content\\\/uploads\\\/2024\\\/07\\\/araujo-policastro-1.png\",\"width\":435,\"height\":53,\"caption\":\"Ara\u00fajo e Policastro Advogados\"},\"image\":{\"@id\":\"https:\\\/\\\/araujopolicastro.com.br\\\/#\\\/schema\\\/logo\\\/image\\\/\"},\"sameAs\":[\"https:\\\/\\\/www.facebook.com\\\/araujopolicastro\",\"https:\\\/\\\/www.instagram.com\\\/araujoepolicastroadv\\\/\"]},{\"@type\":\"Person\",\"@id\":\"https:\\\/\\\/araujopolicastro.com.br\\\/#\\\/schema\\\/person\\\/03ca544f6c7b67a7c8a75a4511ded0e2\",\"name\":\"Thiago Santos\",\"image\":{\"@type\":\"ImageObject\",\"inLanguage\":\"en-US\",\"@id\":\"https:\\\/\\\/secure.gravatar.com\\\/avatar\\\/89b9f5ebd56faa652f5e60feb0a533749a3a78b53b3286bd2297789023ae6b17?s=96&d=mm&r=g\",\"url\":\"https:\\\/\\\/secure.gravatar.com\\\/avatar\\\/89b9f5ebd56faa652f5e60feb0a533749a3a78b53b3286bd2297789023ae6b17?s=96&d=mm&r=g\",\"contentUrl\":\"https:\\\/\\\/secure.gravatar.com\\\/avatar\\\/89b9f5ebd56faa652f5e60feb0a533749a3a78b53b3286bd2297789023ae6b17?s=96&d=mm&r=g\",\"caption\":\"Thiago Santos\"},\"url\":\"https:\\\/\\\/araujopolicastro.com.br\\\/en\\\/author\\\/thiago-santos\\\/\"}]}<\/script>\n<!-- \/ Yoast SEO plugin. -->","yoast_head_json":{"title":"Webinar: NR 1 and psychosocial risk factors - Ara\u00fajo e Policastro Advogados","description":"On February 26, our partner Alexandre Pessoa, from the labor area, will present another webinar!","robots":{"index":"index","follow":"follow","max-snippet":"max-snippet:-1","max-image-preview":"max-image-preview:large","max-video-preview":"max-video-preview:-1"},"canonical":"https:\/\/araujopolicastro.com.br\/en\/webinar-nr-1-and-psychosocial-risk-factors\/","og_locale":"en_US","og_type":"article","og_title":"Webinar: NR 1 and psychosocial risk factors - Ara\u00fajo e Policastro Advogados","og_description":"On February 26, our partner Alexandre Pessoa, from the labor area, will present another webinar!","og_url":"https:\/\/araujopolicastro.com.br\/en\/webinar-nr-1-and-psychosocial-risk-factors\/","og_site_name":"Ara\u00fajo e Policastro Advogados","article_publisher":"https:\/\/www.facebook.com\/araujopolicastro","article_published_time":"2025-02-24T15:52:39+00:00","article_modified_time":"2026-02-05T19:29:12+00:00","og_image":[{"width":600,"height":295,"url":"https:\/\/araujopolicastro.com.br\/wp-content\/uploads\/2025\/02\/Banner-RD-Livros-2.jpg","type":"image\/jpeg"}],"author":"Thiago Santos","twitter_card":"summary_large_image","twitter_misc":{"Written by":"Thiago Santos","Est. reading time":"1 minute"},"schema":{"@context":"https:\/\/schema.org","@graph":[{"@type":"Article","@id":"https:\/\/araujopolicastro.com.br\/en\/webinar-nr-1-and-psychosocial-risk-factors\/#article","isPartOf":{"@id":"https:\/\/araujopolicastro.com.br\/en\/webinar-nr-1-and-psychosocial-risk-factors\/"},"author":{"name":"Thiago Santos","@id":"https:\/\/araujopolicastro.com.br\/#\/schema\/person\/03ca544f6c7b67a7c8a75a4511ded0e2"},"headline":"Webinar: NR 1 and psychosocial risk factors","datePublished":"2025-02-24T15:52:39+00:00","dateModified":"2026-02-05T19:29:12+00:00","mainEntityOfPage":{"@id":"https:\/\/araujopolicastro.com.br\/en\/webinar-nr-1-and-psychosocial-risk-factors\/"},"wordCount":144,"commentCount":0,"publisher":{"@id":"https:\/\/araujopolicastro.com.br\/#organization"},"image":{"@id":"https:\/\/araujopolicastro.com.br\/en\/webinar-nr-1-and-psychosocial-risk-factors\/#primaryimage"},"thumbnailUrl":"https:\/\/araujopolicastro.com.br\/wp-content\/uploads\/2025\/02\/Banner-RD-Livros-2.jpg","articleSection":["Events"],"inLanguage":"en-US","potentialAction":[{"@type":"CommentAction","name":"Comment","target":["https:\/\/araujopolicastro.com.br\/en\/webinar-nr-1-and-psychosocial-risk-factors\/#respond"]}]},{"@type":"WebPage","@id":"https:\/\/araujopolicastro.com.br\/en\/webinar-nr-1-and-psychosocial-risk-factors\/","url":"https:\/\/araujopolicastro.com.br\/en\/webinar-nr-1-and-psychosocial-risk-factors\/","name":"Webinar: NR 1 and psychosocial risk factors - Ara\u00fajo e Policastro Advogados","isPartOf":{"@id":"https:\/\/araujopolicastro.com.br\/#website"},"primaryImageOfPage":{"@id":"https:\/\/araujopolicastro.com.br\/en\/webinar-nr-1-and-psychosocial-risk-factors\/#primaryimage"},"image":{"@id":"https:\/\/araujopolicastro.com.br\/en\/webinar-nr-1-and-psychosocial-risk-factors\/#primaryimage"},"thumbnailUrl":"https:\/\/araujopolicastro.com.br\/wp-content\/uploads\/2025\/02\/Banner-RD-Livros-2.jpg","datePublished":"2025-02-24T15:52:39+00:00","dateModified":"2026-02-05T19:29:12+00:00","description":"On February 26, our partner Alexandre Pessoa, from the labor area, will present another webinar!","breadcrumb":{"@id":"https:\/\/araujopolicastro.com.br\/en\/webinar-nr-1-and-psychosocial-risk-factors\/#breadcrumb"},"inLanguage":"en-US","potentialAction":[{"@type":"ReadAction","target":["https:\/\/araujopolicastro.com.br\/en\/webinar-nr-1-and-psychosocial-risk-factors\/"]}]},{"@type":"ImageObject","inLanguage":"en-US","@id":"https:\/\/araujopolicastro.com.br\/en\/webinar-nr-1-and-psychosocial-risk-factors\/#primaryimage","url":"https:\/\/araujopolicastro.com.br\/wp-content\/uploads\/2025\/02\/Banner-RD-Livros-2.jpg","contentUrl":"https:\/\/araujopolicastro.com.br\/wp-content\/uploads\/2025\/02\/Banner-RD-Livros-2.jpg","width":600,"height":295},{"@type":"BreadcrumbList","@id":"https:\/\/araujopolicastro.com.br\/en\/webinar-nr-1-and-psychosocial-risk-factors\/#breadcrumb","itemListElement":[{"@type":"ListItem","position":1,"name":"In\u00edcio","item":"https:\/\/araujopolicastro.com.br\/"},{"@type":"ListItem","position":2,"name":"Webinar: NR 1 and psychosocial risk factors"}]},{"@type":"WebSite","@id":"https:\/\/araujopolicastro.com.br\/#website","url":"https:\/\/araujopolicastro.com.br\/","name":"Ara\u00fajo e Policastro Advogados","description":"\u00c9 um dos mais conceituados escrit\u00f3rios de advocacia do Brasil, especializado em direito empresarial e internacional, com ampla experi\u00eancia e excel\u00eancia.","publisher":{"@id":"https:\/\/araujopolicastro.com.br\/#organization"},"potentialAction":[{"@type":"SearchAction","target":{"@type":"EntryPoint","urlTemplate":"https:\/\/araujopolicastro.com.br\/?s={search_term_string}"},"query-input":{"@type":"PropertyValueSpecification","valueRequired":true,"valueName":"search_term_string"}}],"inLanguage":"en-US"},{"@type":"Organization","@id":"https:\/\/araujopolicastro.com.br\/#organization","name":"Ara\u00fajo e Policastro Advogados","url":"https:\/\/araujopolicastro.com.br\/","logo":{"@type":"ImageObject","inLanguage":"en-US","@id":"https:\/\/araujopolicastro.com.br\/#\/schema\/logo\/image\/","url":"https:\/\/araujopolicastro.com.br\/wp-content\/uploads\/2024\/07\/araujo-policastro-1.png","contentUrl":"https:\/\/araujopolicastro.com.br\/wp-content\/uploads\/2024\/07\/araujo-policastro-1.png","width":435,"height":53,"caption":"Ara\u00fajo e Policastro Advogados"},"image":{"@id":"https:\/\/araujopolicastro.com.br\/#\/schema\/logo\/image\/"},"sameAs":["https:\/\/www.facebook.com\/araujopolicastro","https:\/\/www.instagram.com\/araujoepolicastroadv\/"]},{"@type":"Person","@id":"https:\/\/araujopolicastro.com.br\/#\/schema\/person\/03ca544f6c7b67a7c8a75a4511ded0e2","name":"Thiago Santos","image":{"@type":"ImageObject","inLanguage":"en-US","@id":"https:\/\/secure.gravatar.com\/avatar\/89b9f5ebd56faa652f5e60feb0a533749a3a78b53b3286bd2297789023ae6b17?s=96&d=mm&r=g","url":"https:\/\/secure.gravatar.com\/avatar\/89b9f5ebd56faa652f5e60feb0a533749a3a78b53b3286bd2297789023ae6b17?s=96&d=mm&r=g","contentUrl":"https:\/\/secure.gravatar.com\/avatar\/89b9f5ebd56faa652f5e60feb0a533749a3a78b53b3286bd2297789023ae6b17?s=96&d=mm&r=g","caption":"Thiago Santos"},"url":"https:\/\/araujopolicastro.com.br\/en\/author\/thiago-santos\/"}]}},"_links":{"self":[{"href":"https:\/\/araujopolicastro.com.br\/en\/wp-json\/wp\/v2\/posts\/4469","targetHints":{"allow":["GET"]}}],"collection":[{"href":"https:\/\/araujopolicastro.com.br\/en\/wp-json\/wp\/v2\/posts"}],"about":[{"href":"https:\/\/araujopolicastro.com.br\/en\/wp-json\/wp\/v2\/types\/post"}],"author":[{"embeddable":true,"href":"https:\/\/araujopolicastro.com.br\/en\/wp-json\/wp\/v2\/users\/4"}],"replies":[{"embeddable":true,"href":"https:\/\/araujopolicastro.com.br\/en\/wp-json\/wp\/v2\/comments?post=4469"}],"version-history":[{"count":1,"href":"https:\/\/araujopolicastro.com.br\/en\/wp-json\/wp\/v2\/posts\/4469\/revisions"}],"predecessor-version":[{"id":4470,"href":"https:\/\/araujopolicastro.com.br\/en\/wp-json\/wp\/v2\/posts\/4469\/revisions\/4470"}],"wp:featuredmedia":[{"embeddable":true,"href":"https:\/\/araujopolicastro.com.br\/en\/wp-json\/wp\/v2\/media\/4458"}],"wp:attachment":[{"href":"https:\/\/araujopolicastro.com.br\/en\/wp-json\/wp\/v2\/media?parent=4469"}],"wp:term":[{"taxonomy":"category","embeddable":true,"href":"https:\/\/araujopolicastro.com.br\/en\/wp-json\/wp\/v2\/categories?post=4469"},{"taxonomy":"post_tag","embeddable":true,"href":"https:\/\/araujopolicastro.com.br\/en\/wp-json\/wp\/v2\/tags?post=4469"}],"curies":[{"name":"wp","href":"https:\/\/api.w.org\/{rel}","templated":true}]}}