{"id":8163,"date":"2026-09-01T12:32:50","date_gmt":"2026-09-01T15:32:50","guid":{"rendered":"https:\/\/araujopolicastro.com.br\/trt-2-suspends-cases-regarding-the-calculation-basis-for-the-apprentice-quota-key-considerations-for-companies\/"},"modified":"2026-09-01T12:53:01","modified_gmt":"2026-09-01T15:53:01","slug":"trt-2-suspends-cases-regarding-the-calculation-basis-for-the-apprentice-quota-key-considerations-for-companies","status":"publish","type":"post","link":"https:\/\/araujopolicastro.com.br\/en\/trt-2-suspends-cases-regarding-the-calculation-basis-for-the-apprentice-quota-key-considerations-for-companies\/","title":{"rendered":"TRT-2 Suspends Cases Regarding the Calculation Basis for the Apprentice Quota: Key Considerations for Companies"},"content":{"rendered":"\n<p class=\"wp-block-paragraph\">On August 17, 2026, the Regional Labor Court of the 2nd Region (\u201cTRT-2\u201d) ordered the suspension of all cases pending in the second instance that address the validity of a collective agreement that eliminates, reduces, or alters the basis for calculating the apprentice quota provided for in Article 429 of the CLT and Article 52, caput and sole paragraph, of Decree No. 9,579\/2018.<\/p>\n\n\n\n<p class=\"wp-block-paragraph\">This measure stems from the admission of Motion for the Resolution of Repetitive Claims (\u201cIRDR\u201d) No. 19 by the Specialized Subsection for the Unification of Regional Case Law I, at a session held on August 13, 2026, with a suspension order issued by the administrative vice president, Appellate Judge Antero Arantes Martins.<\/p>\n\n\n\n<h2 class=\"wp-block-heading\"><strong>What changes with the suspension?<\/strong><\/h2>\n\n\n\n<p class=\"wp-block-paragraph\">Until the IRDR 19 is decided, the appeals pending in the second instance of the TRT-2 that involve this specific issue are stayed, pending the establishment of a binding legal precedent for the entire Region.<\/p>\n\n\n\n<p class=\"wp-block-paragraph\">The ruling to be issued will uniformly determine whether provisions in collective bargaining agreements or collective agreements may reduce, eliminate, or alter the calculation basis used to determine the minimum quota of apprentices \u2014an issue that currently divides the panels of the TRT-2 itself, with conflicting decisions regarding the validity of these clauses.<\/p>\n\n\n\n<figure class=\"wp-block-table\"><table class=\"has-fixed-layout\"><tbody><tr><td class=\"has-text-align-center\" data-align=\"center\"><strong>INCIDENT<\/strong><\/td><td class=\"has-text-align-center\" data-align=\"center\"><strong>PROCESS<\/strong><\/td><td class=\"has-text-align-center\" data-align=\"center\"><strong>DETERMINATION<\/strong><\/td><\/tr><tr><td class=\"has-text-align-center\" data-align=\"center\">IRDR 19<\/td><td class=\"has-text-align-center\" data-align=\"center\">1011665-43.2025.5.02.0000<\/td><td class=\"has-text-align-center\" data-align=\"center\">Suspension of second-instance proceedings on this matter<\/td><\/tr><tr><td class=\"has-text-align-center\" data-align=\"center\">Admissions Session<\/td><td class=\"has-text-align-center\" data-align=\"center\">13\/08\/2026<\/td><td class=\"has-text-align-center\" data-align=\"center\">Specialized Subsection on the Standardization of Regional Case Law I<\/td><\/tr><tr><td class=\"has-text-align-center\" data-align=\"center\">Suspension Order<\/td><td class=\"has-text-align-center\" data-align=\"center\">Judge Antero Arantes Martins <\/td><td class=\"has-text-align-center\" data-align=\"center\">Administrative Vice Presidency of the TRT-2<\/td><\/tr><\/tbody><\/table><\/figure>\n\n\n\n<h2 class=\"wp-block-heading\"><strong>Scope of the Suspension at the TRT-2<\/strong><\/h2>\n\n\n\n<p class=\"wp-block-paragraph\">The suspension applies exclusively to cases pending in the second instance of the TRT-2, that is, ordinary appeals, interlocutory appeals, and other appeals already assigned to the Court\u2019s panels and collegiate bodies throughout the entire territorial jurisdiction of the 2nd Region (Greater S\u00e3o Paulo, Baixada Santista, Vale do Ribeira, and neighboring regions).<\/p>\n\n\n\n<p class=\"wp-block-paragraph\">The suspension does not apply to cases still pending in the Labor Courts (first instance), nor to Public Civil Actions (\u201cACPs\u201d) filed by the Labor Prosecutor\u2019s Office based on other facts or claims. Companies with pending appeals on this matter should check with their attorneys to ensure that the suspension has been properly recorded in the PJe system, in accordance with the NUGEPNAC Guide to Suspension Proceedings. <\/p>\n\n\n\n<h2 class=\"wp-block-heading\"><strong>Three points to keep in mind:<\/strong><\/h2>\n\n\n\n<h2 class=\"wp-block-heading\"><strong>1. Immediate impact on ongoing projects<\/strong><\/h2>\n\n\n\n<p class=\"wp-block-paragraph\">Companies that are currently challenging, in an appeal before the second-instance division of TRT-2, the validity of a collective bargaining clause that reduces the calculation basis for the apprentice quota should monitor the status of the proceedings and confirm the filing of the motion to stay the case, thereby avoiding surprises regarding deadlines and the resumption of proceedings after the IRDR is decided.<\/p>\n\n\n\n<p class=\"wp-block-paragraph\">The outcome of this case will be binding on all adjudicating bodies of the TRT-2, permanently altering the risk landscape for companies that currently rely on such contractual clauses.<\/p>\n\n\n\n<h2 class=\"wp-block-heading\"><strong>2. The proposal may require a review of the apprentice quota\u2014and other statutory quotas<\/strong><\/h2>\n\n\n\n<p class=\"wp-block-paragraph\">Regardless of the outcome of the IRDR, this issue highlights the need for companies to periodically review their calculation of the training quota, correctly taking into account the positions that require vocational training, the exclusions set forth in MTE Ordinance No. 1\/2025, and the history of unfavorable rulings regarding exclusions agreed upon solely in collective bargaining agreements.<\/p>\n\n\n\n<p class=\"wp-block-paragraph\">The same care applies to other statutory quotas that also depend on the correct definition of the calculation basis for the workforce, such as the quota for people with disabilities provided for in Article 93 of Law No. 8,213\/91, which is also subject to recurring inspections by the Ministry of Labor and Employment.<\/p>\n\n\n\n<h2 class=\"wp-block-heading\"><strong>3. Consequences of noncompliance: inspections, the Public Ministry of Labor (MPT), and individual lawsuits<\/strong><\/h2>\n\n\n\n<p class=\"wp-block-paragraph\">Failure to comply with the apprenticeship quota \u2014whether due to a failure to hire apprentices or to the adoption of exclusion criteria in the calculation basis that were later deemed invalid\u2014can have consequences on several fronts: administrative penalties and fines imposed by the Ministry of Labor and Employment (\u201cMTE\u201d); the filing of a public civil action by the Public Prosecutor\u2019s Office for Labor Matters (\u201cMPT\u201d), seeking an order to hire, the rectification of procedures, and compensation for collective moral damages\u2014which, in cases already adjudicated by the TRT-2 itself, have ranged around R$ 100,000; and repercussions in individual labor claims that incidentally challenge the validity of the applicable collective bargaining clauses, regardless of the outcome of the IRDR.<\/p>\n\n\n\n<p class=\"wp-block-paragraph\">The adoption of the binding precedent by the TRT-2 is likely to standardize this situation, but it does not eliminate the risk of fines and lawsuits already in progress.<\/p>\n\n\n\n<h2 class=\"wp-block-heading\"><strong>Key Considerations for Businesses<\/strong><\/h2>\n\n\n\n<p class=\"wp-block-paragraph\">Given this situation, it is recommended that companies:<\/p>\n\n\n\n<p class=\"wp-block-paragraph\"><strong>\u2460 Review <\/strong>the calculation of the apprenticeship quota, function by function, in light of MTE Ordinance No. 1\/2025 and the exclusions provided for therein;<\/p>\n\n\n\n<p class=\"wp-block-paragraph\"><strong>\u2461 identify <\/strong>, in the applicable collective bargaining agreements, any provisions that reduce, eliminate, or alter the basis for calculating the contribution, assessing the risk of fines and lawsuits while the interpretation of IRDR 19 remains unresolved;<\/p>\n\n\n\n<p class=\"wp-block-paragraph\"><strong>\u2462 verify <\/strong>, in the cases currently pending before the second instance of the TRT-2 that address this matter, whether the suspension notice provided for in the NUGEPNAC Guide has been entered;<\/p>\n\n\n\n<p class=\"wp-block-paragraph\"><strong>\u2463 Take advantage of <\/strong>the review to also reassess the quota for people with disabilities and other legal obligations that depend on the correct determination of the calculation basis for the workforce;<\/p>\n\n\n\n<p class=\"wp-block-paragraph\"><strong>\u2464 Monitor <\/strong>developments regarding IRDR 19 and the publication of the legal opinion, which is expected to guide companies\u2019 defense and labor compliance strategies.<\/p>\n\n\n\n<p class=\"wp-block-paragraph\">The <a href=\"https:\/\/araujopolicastro.com.br\/en\/area-de-atuacao\/labor-2\/\" target=\"_blank\" rel=\"noopener\"><strong>Labor Law Team<\/strong><\/a> at the law firm <strong>Ara\u00fajo e Policastro Advogados<\/strong> is available to answer any questions.<\/p>\n\n\n\n<p class=\"wp-block-paragraph\"><strong>Authors<\/strong>:<\/p>\n\n\n\n<figure class=\"wp-block-image is-resized\"><img loading=\"lazy\" decoding=\"async\" width=\"160\" height=\"180\" src=\"https:\/\/araujopolicastro.com.br\/wp-content\/uploads\/2026\/08\/Design-sem-nome-2.webp\" alt=\"\" class=\"wp-image-7993\" style=\"aspect-ratio:0.8888888888888888;width:160px;height:auto\"\/><\/figure>\n\n\n\n<p class=\"wp-block-paragraph\"><a href=\"https:\/\/araujopolicastro.com.br\/en\/equipe\/ana-lucia-pinke-ribeiro-de-paiva-2\/\" target=\"_blank\" rel=\"noopener\">Ana L\u00facia Pinke Ribeiro de Paiva\u00a0<\/a>\u2013 apinke@araujopolicastro.com.br<\/p>\n\n\n\n<figure class=\"wp-block-image is-resized\"><img loading=\"lazy\" decoding=\"async\" width=\"160\" height=\"180\" src=\"https:\/\/araujopolicastro.com.br\/wp-content\/uploads\/2026\/08\/Design-sem-nome-3.webp\" alt=\"\" class=\"wp-image-7995\" style=\"aspect-ratio:0.8888888888888888;width:160px;height:auto\"\/><\/figure>\n\n\n\n<p class=\"wp-block-paragraph\"><a href=\"https:\/\/araujopolicastro.com.br\/en\/equipe\/alexandra-rosman-scaramel\/\" target=\"_blank\" rel=\"noopener\"><\/a><a href=\"https:\/\/araujopolicastro.com.br\/en\/equipe\/marcos-rafael-faber-galante-carneiro\/\" target=\"_blank\" rel=\"noopener\">Marcos Rafael Carneiro\u00a0<\/a>\u00a0\u2013 mcarneiro@araujopolicastro.com.br<\/p>\n","protected":false},"excerpt":{"rendered":"<p>TRT-2 Suspends Proceedings Regarding the Calculation Basis for the Apprentice Quota: Key Considerations for Companies<\/p>\n","protected":false},"author":4,"featured_media":8170,"comment_status":"open","ping_status":"open","sticky":false,"template":"","format":"standard","meta":{"_acf_changed":false,"footnotes":""},"categories":[677,1,676],"tags":[1033,955,1034,1032],"class_list":["post-8163","post","type-post","status-publish","format-standard","has-post-thumbnail","hentry","category-ap-bulletin","category-nao-categorizado","category-publications-en","tag-apprentice-quota","tag-companies","tag-irdr-19","tag-trt-2"],"acf":[],"yoast_head":"<!-- This site is optimized with the Yoast SEO plugin v28.4 - https:\/\/yoast.com\/product\/yoast-seo-wordpress\/ -->\n<title>TRT-2 Suspends Cases Regarding the Calculation Basis for the Apprentice Quota<\/title>\n<meta name=\"description\" content=\"TRT-2 has suspended proceedings regarding the calculation basis for the apprentice quota and has provided guidance to companies on the impacts and key considerations.\" \/>\n<meta name=\"robots\" content=\"index, follow, max-snippet:-1, max-image-preview:large, max-video-preview:-1\" \/>\n<link rel=\"canonical\" href=\"https:\/\/araujopolicastro.com.br\/en\/trt-2-suspends-cases-regarding-the-calculation-basis-for-the-apprentice-quota-key-considerations-for-companies\/\" \/>\n<meta property=\"og:locale\" content=\"en_US\" \/>\n<meta property=\"og:type\" content=\"article\" \/>\n<meta property=\"og:title\" content=\"TRT-2 Suspends Cases Regarding the Calculation Basis for the Apprentice Quota\" \/>\n<meta property=\"og:description\" content=\"TRT-2 has suspended proceedings regarding the calculation basis for the apprentice quota and has provided guidance to companies on the impacts and key considerations.\" \/>\n<meta property=\"og:url\" content=\"https:\/\/araujopolicastro.com.br\/en\/trt-2-suspends-cases-regarding-the-calculation-basis-for-the-apprentice-quota-key-considerations-for-companies\/\" \/>\n<meta property=\"og:site_name\" content=\"Ara\u00fajo e Policastro Advogados\" \/>\n<meta property=\"article:publisher\" content=\"https:\/\/www.facebook.com\/araujopolicastro\" \/>\n<meta property=\"article:published_time\" content=\"2026-09-01T15:32:50+00:00\" \/>\n<meta property=\"article:modified_time\" content=\"2026-09-01T15:53:01+00:00\" \/>\n<meta property=\"og:image\" content=\"https:\/\/araujopolicastro.com.br\/wp-content\/uploads\/2026\/09\/2.webp\" \/>\n\t<meta property=\"og:image:width\" content=\"2560\" \/>\n\t<meta property=\"og:image:height\" content=\"1707\" \/>\n\t<meta property=\"og:image:type\" content=\"image\/png\" \/>\n<meta name=\"author\" content=\"Thiago Santos\" \/>\n<meta name=\"twitter:card\" content=\"summary_large_image\" \/>\n<meta name=\"twitter:label1\" content=\"Written by\" \/>\n\t<meta name=\"twitter:data1\" content=\"Thiago Santos\" \/>\n\t<meta name=\"twitter:label2\" content=\"Est. reading time\" \/>\n\t<meta name=\"twitter:data2\" content=\"6 minutes\" \/>\n<script type=\"application\/ld+json\" class=\"yoast-schema-graph\">{\"@context\":\"https:\\\/\\\/schema.org\",\"@graph\":[{\"@type\":\"Article\",\"@id\":\"https:\\\/\\\/araujopolicastro.com.br\\\/en\\\/trt-2-suspends-cases-regarding-the-calculation-basis-for-the-apprentice-quota-key-considerations-for-companies\\\/#article\",\"isPartOf\":{\"@id\":\"https:\\\/\\\/araujopolicastro.com.br\\\/en\\\/trt-2-suspends-cases-regarding-the-calculation-basis-for-the-apprentice-quota-key-considerations-for-companies\\\/\"},\"author\":{\"name\":\"Thiago Santos\",\"@id\":\"https:\\\/\\\/araujopolicastro.com.br\\\/en\\\/#\\\/schema\\\/person\\\/03ca544f6c7b67a7c8a75a4511ded0e2\"},\"headline\":\"TRT-2 Suspends Cases Regarding the Calculation Basis for the Apprentice Quota: Key Considerations for Companies\",\"datePublished\":\"2026-09-01T15:32:50+00:00\",\"dateModified\":\"2026-09-01T15:53:01+00:00\",\"mainEntityOfPage\":{\"@id\":\"https:\\\/\\\/araujopolicastro.com.br\\\/en\\\/trt-2-suspends-cases-regarding-the-calculation-basis-for-the-apprentice-quota-key-considerations-for-companies\\\/\"},\"wordCount\":953,\"commentCount\":0,\"publisher\":{\"@id\":\"https:\\\/\\\/araujopolicastro.com.br\\\/en\\\/#organization\"},\"image\":{\"@id\":\"https:\\\/\\\/araujopolicastro.com.br\\\/en\\\/trt-2-suspends-cases-regarding-the-calculation-basis-for-the-apprentice-quota-key-considerations-for-companies\\\/#primaryimage\"},\"thumbnailUrl\":\"https:\\\/\\\/araujopolicastro.com.br\\\/wp-content\\\/uploads\\\/2026\\\/09\\\/2.webp\",\"keywords\":[\"apprentice quota\",\"companies\",\"IRDR 19\",\"TRT-2\"],\"articleSection\":[\"AP Bulletin\",\"N\u00e3o categorizado\",\"Publications\"],\"inLanguage\":\"en-US\",\"potentialAction\":[{\"@type\":\"CommentAction\",\"name\":\"Comment\",\"target\":[\"https:\\\/\\\/araujopolicastro.com.br\\\/en\\\/trt-2-suspends-cases-regarding-the-calculation-basis-for-the-apprentice-quota-key-considerations-for-companies\\\/#respond\"]}]},{\"@type\":\"WebPage\",\"@id\":\"https:\\\/\\\/araujopolicastro.com.br\\\/en\\\/trt-2-suspends-cases-regarding-the-calculation-basis-for-the-apprentice-quota-key-considerations-for-companies\\\/\",\"url\":\"https:\\\/\\\/araujopolicastro.com.br\\\/en\\\/trt-2-suspends-cases-regarding-the-calculation-basis-for-the-apprentice-quota-key-considerations-for-companies\\\/\",\"name\":\"TRT-2 Suspends Cases Regarding the Calculation Basis for the Apprentice Quota\",\"isPartOf\":{\"@id\":\"https:\\\/\\\/araujopolicastro.com.br\\\/en\\\/#website\"},\"primaryImageOfPage\":{\"@id\":\"https:\\\/\\\/araujopolicastro.com.br\\\/en\\\/trt-2-suspends-cases-regarding-the-calculation-basis-for-the-apprentice-quota-key-considerations-for-companies\\\/#primaryimage\"},\"image\":{\"@id\":\"https:\\\/\\\/araujopolicastro.com.br\\\/en\\\/trt-2-suspends-cases-regarding-the-calculation-basis-for-the-apprentice-quota-key-considerations-for-companies\\\/#primaryimage\"},\"thumbnailUrl\":\"https:\\\/\\\/araujopolicastro.com.br\\\/wp-content\\\/uploads\\\/2026\\\/09\\\/2.webp\",\"datePublished\":\"2026-09-01T15:32:50+00:00\",\"dateModified\":\"2026-09-01T15:53:01+00:00\",\"description\":\"TRT-2 has suspended proceedings regarding the calculation basis for the apprentice quota and has provided guidance to companies on the impacts and key considerations.\",\"breadcrumb\":{\"@id\":\"https:\\\/\\\/araujopolicastro.com.br\\\/en\\\/trt-2-suspends-cases-regarding-the-calculation-basis-for-the-apprentice-quota-key-considerations-for-companies\\\/#breadcrumb\"},\"inLanguage\":\"en-US\",\"potentialAction\":[{\"@type\":\"ReadAction\",\"target\":[\"https:\\\/\\\/araujopolicastro.com.br\\\/en\\\/trt-2-suspends-cases-regarding-the-calculation-basis-for-the-apprentice-quota-key-considerations-for-companies\\\/\"]}]},{\"@type\":\"ImageObject\",\"inLanguage\":\"en-US\",\"@id\":\"https:\\\/\\\/araujopolicastro.com.br\\\/en\\\/trt-2-suspends-cases-regarding-the-calculation-basis-for-the-apprentice-quota-key-considerations-for-companies\\\/#primaryimage\",\"url\":\"https:\\\/\\\/araujopolicastro.com.br\\\/wp-content\\\/uploads\\\/2026\\\/09\\\/2.webp\",\"contentUrl\":\"https:\\\/\\\/araujopolicastro.com.br\\\/wp-content\\\/uploads\\\/2026\\\/09\\\/2.webp\",\"width\":2560,\"height\":1707},{\"@type\":\"BreadcrumbList\",\"@id\":\"https:\\\/\\\/araujopolicastro.com.br\\\/en\\\/trt-2-suspends-cases-regarding-the-calculation-basis-for-the-apprentice-quota-key-considerations-for-companies\\\/#breadcrumb\",\"itemListElement\":[{\"@type\":\"ListItem\",\"position\":1,\"name\":\"In\u00edcio\",\"item\":\"https:\\\/\\\/araujopolicastro.com.br\\\/en\\\/\"},{\"@type\":\"ListItem\",\"position\":2,\"name\":\"TRT-2 Suspends Cases Regarding the Calculation Basis for the Apprentice Quota: Key Considerations for Companies\"}]},{\"@type\":\"WebSite\",\"@id\":\"https:\\\/\\\/araujopolicastro.com.br\\\/en\\\/#website\",\"url\":\"https:\\\/\\\/araujopolicastro.com.br\\\/en\\\/\",\"name\":\"Ara\u00fajo e Policastro Advogados\",\"description\":\"\u00c9 um dos mais conceituados escrit\u00f3rios de advocacia do Brasil, especializado em direito empresarial e internacional, com ampla experi\u00eancia e excel\u00eancia.\",\"publisher\":{\"@id\":\"https:\\\/\\\/araujopolicastro.com.br\\\/en\\\/#organization\"},\"potentialAction\":[{\"@type\":\"SearchAction\",\"target\":{\"@type\":\"EntryPoint\",\"urlTemplate\":\"https:\\\/\\\/araujopolicastro.com.br\\\/en\\\/?s={search_term_string}\"},\"query-input\":{\"@type\":\"PropertyValueSpecification\",\"valueRequired\":true,\"valueName\":\"search_term_string\"}}],\"inLanguage\":\"en-US\"},{\"@type\":\"Organization\",\"@id\":\"https:\\\/\\\/araujopolicastro.com.br\\\/en\\\/#organization\",\"name\":\"Ara\u00fajo e Policastro Advogados\",\"url\":\"https:\\\/\\\/araujopolicastro.com.br\\\/en\\\/\",\"logo\":{\"@type\":\"ImageObject\",\"inLanguage\":\"en-US\",\"@id\":\"https:\\\/\\\/araujopolicastro.com.br\\\/en\\\/#\\\/schema\\\/logo\\\/image\\\/\",\"url\":\"https:\\\/\\\/araujopolicastro.com.br\\\/wp-content\\\/uploads\\\/2024\\\/07\\\/araujo-policastro-1.png\",\"contentUrl\":\"https:\\\/\\\/araujopolicastro.com.br\\\/wp-content\\\/uploads\\\/2024\\\/07\\\/araujo-policastro-1.png\",\"width\":435,\"height\":53,\"caption\":\"Ara\u00fajo e Policastro Advogados\"},\"image\":{\"@id\":\"https:\\\/\\\/araujopolicastro.com.br\\\/en\\\/#\\\/schema\\\/logo\\\/image\\\/\"},\"sameAs\":[\"https:\\\/\\\/www.facebook.com\\\/araujopolicastro\",\"https:\\\/\\\/www.instagram.com\\\/araujoepolicastroadv\\\/\"]},{\"@type\":\"Person\",\"@id\":\"https:\\\/\\\/araujopolicastro.com.br\\\/en\\\/#\\\/schema\\\/person\\\/03ca544f6c7b67a7c8a75a4511ded0e2\",\"name\":\"Thiago Santos\",\"image\":{\"@type\":\"ImageObject\",\"inLanguage\":\"en-US\",\"@id\":\"https:\\\/\\\/secure.gravatar.com\\\/avatar\\\/89b9f5ebd56faa652f5e60feb0a533749a3a78b53b3286bd2297789023ae6b17?s=96&d=mm&r=g\",\"url\":\"https:\\\/\\\/secure.gravatar.com\\\/avatar\\\/89b9f5ebd56faa652f5e60feb0a533749a3a78b53b3286bd2297789023ae6b17?s=96&d=mm&r=g\",\"contentUrl\":\"https:\\\/\\\/secure.gravatar.com\\\/avatar\\\/89b9f5ebd56faa652f5e60feb0a533749a3a78b53b3286bd2297789023ae6b17?s=96&d=mm&r=g\",\"caption\":\"Thiago Santos\"},\"url\":\"https:\\\/\\\/araujopolicastro.com.br\\\/en\\\/author\\\/thiago-santos\\\/\"}]}<\/script>\n<!-- \/ Yoast SEO plugin. -->","yoast_head_json":{"title":"TRT-2 Suspends Cases Regarding the Calculation Basis for the Apprentice Quota","description":"TRT-2 has suspended proceedings regarding the calculation basis for the apprentice quota and has provided guidance to companies on the impacts and key considerations.","robots":{"index":"index","follow":"follow","max-snippet":"max-snippet:-1","max-image-preview":"max-image-preview:large","max-video-preview":"max-video-preview:-1"},"canonical":"https:\/\/araujopolicastro.com.br\/en\/trt-2-suspends-cases-regarding-the-calculation-basis-for-the-apprentice-quota-key-considerations-for-companies\/","og_locale":"en_US","og_type":"article","og_title":"TRT-2 Suspends Cases Regarding the Calculation Basis for the Apprentice Quota","og_description":"TRT-2 has suspended proceedings regarding the calculation basis for the apprentice quota and has provided guidance to companies on the impacts and key considerations.","og_url":"https:\/\/araujopolicastro.com.br\/en\/trt-2-suspends-cases-regarding-the-calculation-basis-for-the-apprentice-quota-key-considerations-for-companies\/","og_site_name":"Ara\u00fajo e Policastro Advogados","article_publisher":"https:\/\/www.facebook.com\/araujopolicastro","article_published_time":"2026-09-01T15:32:50+00:00","article_modified_time":"2026-09-01T15:53:01+00:00","og_image":[{"width":2560,"height":1707,"url":"https:\/\/araujopolicastro.com.br\/wp-content\/uploads\/2026\/09\/2.webp","type":"image\/png"}],"author":"Thiago Santos","twitter_card":"summary_large_image","twitter_misc":{"Written by":"Thiago Santos","Est. reading time":"6 minutes"},"schema":{"@context":"https:\/\/schema.org","@graph":[{"@type":"Article","@id":"https:\/\/araujopolicastro.com.br\/en\/trt-2-suspends-cases-regarding-the-calculation-basis-for-the-apprentice-quota-key-considerations-for-companies\/#article","isPartOf":{"@id":"https:\/\/araujopolicastro.com.br\/en\/trt-2-suspends-cases-regarding-the-calculation-basis-for-the-apprentice-quota-key-considerations-for-companies\/"},"author":{"name":"Thiago Santos","@id":"https:\/\/araujopolicastro.com.br\/en\/#\/schema\/person\/03ca544f6c7b67a7c8a75a4511ded0e2"},"headline":"TRT-2 Suspends Cases Regarding the Calculation Basis for the Apprentice Quota: Key Considerations for Companies","datePublished":"2026-09-01T15:32:50+00:00","dateModified":"2026-09-01T15:53:01+00:00","mainEntityOfPage":{"@id":"https:\/\/araujopolicastro.com.br\/en\/trt-2-suspends-cases-regarding-the-calculation-basis-for-the-apprentice-quota-key-considerations-for-companies\/"},"wordCount":953,"commentCount":0,"publisher":{"@id":"https:\/\/araujopolicastro.com.br\/en\/#organization"},"image":{"@id":"https:\/\/araujopolicastro.com.br\/en\/trt-2-suspends-cases-regarding-the-calculation-basis-for-the-apprentice-quota-key-considerations-for-companies\/#primaryimage"},"thumbnailUrl":"https:\/\/araujopolicastro.com.br\/wp-content\/uploads\/2026\/09\/2.webp","keywords":["apprentice quota","companies","IRDR 19","TRT-2"],"articleSection":["AP Bulletin","N\u00e3o categorizado","Publications"],"inLanguage":"en-US","potentialAction":[{"@type":"CommentAction","name":"Comment","target":["https:\/\/araujopolicastro.com.br\/en\/trt-2-suspends-cases-regarding-the-calculation-basis-for-the-apprentice-quota-key-considerations-for-companies\/#respond"]}]},{"@type":"WebPage","@id":"https:\/\/araujopolicastro.com.br\/en\/trt-2-suspends-cases-regarding-the-calculation-basis-for-the-apprentice-quota-key-considerations-for-companies\/","url":"https:\/\/araujopolicastro.com.br\/en\/trt-2-suspends-cases-regarding-the-calculation-basis-for-the-apprentice-quota-key-considerations-for-companies\/","name":"TRT-2 Suspends Cases Regarding the Calculation Basis for the Apprentice Quota","isPartOf":{"@id":"https:\/\/araujopolicastro.com.br\/en\/#website"},"primaryImageOfPage":{"@id":"https:\/\/araujopolicastro.com.br\/en\/trt-2-suspends-cases-regarding-the-calculation-basis-for-the-apprentice-quota-key-considerations-for-companies\/#primaryimage"},"image":{"@id":"https:\/\/araujopolicastro.com.br\/en\/trt-2-suspends-cases-regarding-the-calculation-basis-for-the-apprentice-quota-key-considerations-for-companies\/#primaryimage"},"thumbnailUrl":"https:\/\/araujopolicastro.com.br\/wp-content\/uploads\/2026\/09\/2.webp","datePublished":"2026-09-01T15:32:50+00:00","dateModified":"2026-09-01T15:53:01+00:00","description":"TRT-2 has suspended proceedings regarding the calculation basis for the apprentice quota and has provided guidance to companies on the impacts and key considerations.","breadcrumb":{"@id":"https:\/\/araujopolicastro.com.br\/en\/trt-2-suspends-cases-regarding-the-calculation-basis-for-the-apprentice-quota-key-considerations-for-companies\/#breadcrumb"},"inLanguage":"en-US","potentialAction":[{"@type":"ReadAction","target":["https:\/\/araujopolicastro.com.br\/en\/trt-2-suspends-cases-regarding-the-calculation-basis-for-the-apprentice-quota-key-considerations-for-companies\/"]}]},{"@type":"ImageObject","inLanguage":"en-US","@id":"https:\/\/araujopolicastro.com.br\/en\/trt-2-suspends-cases-regarding-the-calculation-basis-for-the-apprentice-quota-key-considerations-for-companies\/#primaryimage","url":"https:\/\/araujopolicastro.com.br\/wp-content\/uploads\/2026\/09\/2.webp","contentUrl":"https:\/\/araujopolicastro.com.br\/wp-content\/uploads\/2026\/09\/2.webp","width":2560,"height":1707},{"@type":"BreadcrumbList","@id":"https:\/\/araujopolicastro.com.br\/en\/trt-2-suspends-cases-regarding-the-calculation-basis-for-the-apprentice-quota-key-considerations-for-companies\/#breadcrumb","itemListElement":[{"@type":"ListItem","position":1,"name":"In\u00edcio","item":"https:\/\/araujopolicastro.com.br\/en\/"},{"@type":"ListItem","position":2,"name":"TRT-2 Suspends Cases Regarding the Calculation Basis for the Apprentice Quota: Key Considerations for Companies"}]},{"@type":"WebSite","@id":"https:\/\/araujopolicastro.com.br\/en\/#website","url":"https:\/\/araujopolicastro.com.br\/en\/","name":"Ara\u00fajo e Policastro Advogados","description":"\u00c9 um dos mais conceituados escrit\u00f3rios de advocacia do Brasil, especializado em direito empresarial e internacional, com ampla experi\u00eancia e excel\u00eancia.","publisher":{"@id":"https:\/\/araujopolicastro.com.br\/en\/#organization"},"potentialAction":[{"@type":"SearchAction","target":{"@type":"EntryPoint","urlTemplate":"https:\/\/araujopolicastro.com.br\/en\/?s={search_term_string}"},"query-input":{"@type":"PropertyValueSpecification","valueRequired":true,"valueName":"search_term_string"}}],"inLanguage":"en-US"},{"@type":"Organization","@id":"https:\/\/araujopolicastro.com.br\/en\/#organization","name":"Ara\u00fajo e Policastro Advogados","url":"https:\/\/araujopolicastro.com.br\/en\/","logo":{"@type":"ImageObject","inLanguage":"en-US","@id":"https:\/\/araujopolicastro.com.br\/en\/#\/schema\/logo\/image\/","url":"https:\/\/araujopolicastro.com.br\/wp-content\/uploads\/2024\/07\/araujo-policastro-1.png","contentUrl":"https:\/\/araujopolicastro.com.br\/wp-content\/uploads\/2024\/07\/araujo-policastro-1.png","width":435,"height":53,"caption":"Ara\u00fajo e Policastro Advogados"},"image":{"@id":"https:\/\/araujopolicastro.com.br\/en\/#\/schema\/logo\/image\/"},"sameAs":["https:\/\/www.facebook.com\/araujopolicastro","https:\/\/www.instagram.com\/araujoepolicastroadv\/"]},{"@type":"Person","@id":"https:\/\/araujopolicastro.com.br\/en\/#\/schema\/person\/03ca544f6c7b67a7c8a75a4511ded0e2","name":"Thiago Santos","image":{"@type":"ImageObject","inLanguage":"en-US","@id":"https:\/\/secure.gravatar.com\/avatar\/89b9f5ebd56faa652f5e60feb0a533749a3a78b53b3286bd2297789023ae6b17?s=96&d=mm&r=g","url":"https:\/\/secure.gravatar.com\/avatar\/89b9f5ebd56faa652f5e60feb0a533749a3a78b53b3286bd2297789023ae6b17?s=96&d=mm&r=g","contentUrl":"https:\/\/secure.gravatar.com\/avatar\/89b9f5ebd56faa652f5e60feb0a533749a3a78b53b3286bd2297789023ae6b17?s=96&d=mm&r=g","caption":"Thiago Santos"},"url":"https:\/\/araujopolicastro.com.br\/en\/author\/thiago-santos\/"}]}},"amp_enabled":true,"_links":{"self":[{"href":"https:\/\/araujopolicastro.com.br\/en\/wp-json\/wp\/v2\/posts\/8163","targetHints":{"allow":["GET"]}}],"collection":[{"href":"https:\/\/araujopolicastro.com.br\/en\/wp-json\/wp\/v2\/posts"}],"about":[{"href":"https:\/\/araujopolicastro.com.br\/en\/wp-json\/wp\/v2\/types\/post"}],"author":[{"embeddable":true,"href":"https:\/\/araujopolicastro.com.br\/en\/wp-json\/wp\/v2\/users\/4"}],"replies":[{"embeddable":true,"href":"https:\/\/araujopolicastro.com.br\/en\/wp-json\/wp\/v2\/comments?post=8163"}],"version-history":[{"count":6,"href":"https:\/\/araujopolicastro.com.br\/en\/wp-json\/wp\/v2\/posts\/8163\/revisions"}],"predecessor-version":[{"id":8174,"href":"https:\/\/araujopolicastro.com.br\/en\/wp-json\/wp\/v2\/posts\/8163\/revisions\/8174"}],"wp:featuredmedia":[{"embeddable":true,"href":"https:\/\/araujopolicastro.com.br\/en\/wp-json\/wp\/v2\/media\/8170"}],"wp:attachment":[{"href":"https:\/\/araujopolicastro.com.br\/en\/wp-json\/wp\/v2\/media?parent=8163"}],"wp:term":[{"taxonomy":"category","embeddable":true,"href":"https:\/\/araujopolicastro.com.br\/en\/wp-json\/wp\/v2\/categories?post=8163"},{"taxonomy":"post_tag","embeddable":true,"href":"https:\/\/araujopolicastro.com.br\/en\/wp-json\/wp\/v2\/tags?post=8163"}],"curies":[{"name":"wp","href":"https:\/\/api.w.org\/{rel}","templated":true}]}}